{"id":9584,"date":"2016-12-03T07:15:02","date_gmt":"2016-12-03T12:15:02","guid":{"rendered":"http:\/\/www.biblia.work\/noticias\/el-papa-clama-por-el-derecho-de-todos-de-acceso-a-los-recursos\/"},"modified":"2016-12-03T07:15:02","modified_gmt":"2016-12-03T12:15:02","slug":"el-papa-clama-por-el-derecho-de-todos-de-acceso-a-los-recursos","status":"publish","type":"post","link":"https:\/\/www.biblia.work\/noticias\/el-papa-clama-por-el-derecho-de-todos-de-acceso-a-los-recursos\/","title":{"rendered":"El Papa clama por el derecho de todos de acceso a los recursos"},"content":{"rendered":"<p style=\"text-align: justify\"><span style=\"font-weight: 400\">(ZENIT &#8211; Ciudad del Vaticano).- Cuando ignoramos el grito de \u201cmuchos de nuestros hermanos y hermanas en todas las partes del mundo\u201d no solo les negamos sus derechos y los valores que hemos recibido de Dios, sino que tambi\u00e9n rechazamos su sabidur\u00eda y les impedimos ofrecer al mundo sus talentos, sus tradiciones y sus culturas. As\u00ed lo ha asegurado el papa Francisco, explicando adem\u00e1s que estos comportamientos aumentan el sufrimientos de los pobres y de los marginados, y nosotros mismos \u201cnos convertimos en m\u00e1s pobres, no solo materialmente, sino moral y espiritualmente\u201d. <\/span><\/p>\n<p style=\"text-align: justify\"><span style=\"font-weight: 400\">El Pont\u00edfice ha recibido esta ma\u00f1ana a los empresarios participantes del <\/span><i><span style=\"font-weight: 400\">Fortune-Time Global Forum <\/span><\/i><span style=\"font-weight: 400\">sobre el tema: \u201cEl desaf\u00edo del siglo XXI: crear un nuevo pacto social\u201d. Un tema &#8211;ha asegurado el Papa en su discurso&#8211; realmente oportuno y que mira la necesidad urgente de modelos econ\u00f3micos m\u00e1s inclusivos y justos. Asimismo, ha indicado que ahora se requiere no un nuevo acuerdo social en abstracto, sino \u201cideas concretas\u201d y \u201cuna acci\u00f3n eficaz que sea ventajosa para todos y comience a responder a la problemas acuciantes de nuestros d\u00edas\u201d. <\/span><\/p>\n<p style=\"text-align: justify\"><span style=\"font-weight: 400\">Por otro lado, \u00a0ha querido dar las gracias a los presentes por lo que est\u00e1n haciendo para \u201cpromover la centralidad y la dignidad de la persona humana dentro de las instituciones y de los modelos econ\u00f3micos\u201d y por \u201catraer la atenci\u00f3n sobre la llaga de los pobres y de los refugiados\u201d que son a menudo olvidados por la sociedad. <\/span><\/p>\n<p style=\"text-align: justify\"><span style=\"font-weight: 400\">Tambi\u00e9n ha subrayado que el mundo de hoy est\u00e1 marcado por grandes inquietudes. La desigualdad entre los pueblos &#8211;ha lamentado el Papa&#8211; contin\u00faa creciendo y muchas comunidades son directamente golpeadas por la guerra y la pobreza o de la salida forzada de migrantes y refugiados. \u00a0La gente quiere \u201chacer escuchar su voz y expresar las propias preocupaciones y miedos\u201d, ha se\u00f1alado. <\/span><\/p>\n<p style=\"text-align: justify\"><span style=\"font-weight: 400\">Sin embargo, ha asegurado el Papa, cuando reconocemos finalmente el mal en medio de nosotros, \u201cpodemos tratar de sanarlo aplicando el cuidado justo\u201d. De este modo, ha reconocido a los participantes del congreso que su presencia demuestra que \u201creconocen los problemas que est\u00e1n delante y la necesidad de actuar con decisi\u00f3n\u201d. <\/span><\/p>\n<p style=\"text-align: justify\"><span style=\"font-weight: 400\">Esta estrategia de renovaci\u00f3n y esperanza requiere &#8220;una conversi\u00f3n institucional y personal\u201d, \u201cun cambio del coraz\u00f3n que confiere el primado a las m\u00e1s profundas expresiones de nuestra com\u00fan humanidad, de nuestras culturas, de nuestras convicciones religiosas y \u00a0de nuestras tradiciones\u201d. <\/span><\/p>\n<p style=\"text-align: justify\"><span style=\"font-weight: 400\">De lo que estamos hablando, ha especificado Francisco, \u00a0no son \u201cn\u00famero que hay que cuadrar\u201d sino \u201cel bien com\u00fan de la humanidad\u201d, \u201cel derecho de cada persona para acceder a los recursos de este mundo\u201d y \u201ctener las mismas oportunidades para realizar las propias potencialidades\u201d. <\/span><\/p>\n<p style=\"text-align: justify\"><span style=\"font-weight: 400\">La renovaci\u00f3n, la purificaci\u00f3n y el reforzamiento de \u201cs\u00f3lidos modelos econ\u00f3micos\u201d depende, ha explicado el Santo Padre, de nuestra conversi\u00f3n personal y generosidad hacia los necesitados. <\/span><\/p>\n<p style=\"text-align: justify\"><span style=\"font-weight: 400\">Finalmente, ha animado a los presentes a buscar \u201ccaminos cada vez m\u00e1s creativos para transformar las instituciones y las estructuras econ\u00f3micas\u201d de forma que sepan responder a las necesidades de hoy y est\u00e9n al servicio de la persona humana, especialmente de los marginados y excluidos.<\/span><\/p>\n<p><span class=\"et_bloom_bottom_trigger\"><\/span><\/p>\n<p><a href=\"https:\/\/es.zenit.org\/\" target=\"_blank\" rel=\"nofollow\">Fuente: es.zenit.org<\/a><\/p>\n","protected":false},"excerpt":{"rendered":"<p>(ZENIT &#8211; Ciudad del Vaticano).- Cuando ignoramos el grito de \u201cmuchos de nuestros hermanos y hermanas en todas las partes del mundo\u201d no solo les negamos sus derechos y los valores que hemos recibido de Dios, sino que tambi\u00e9n rechazamos su sabidur\u00eda y les impedimos ofrecer al mundo sus talentos, sus tradiciones y sus culturas. &hellip; <a href=\"https:\/\/www.biblia.work\/noticias\/el-papa-clama-por-el-derecho-de-todos-de-acceso-a-los-recursos\/\" class=\"more-link\">Continuar leyendo<span class=\"screen-reader-text\"> \u00abEl Papa clama por el derecho de todos de acceso a los recursos\u00bb<\/span><\/a><\/p>\n","protected":false},"author":1,"featured_media":0,"comment_status":"open","ping_status":"closed","sticky":false,"template":"","format":"standard","meta":{"footnotes":""},"categories":[1],"tags":[],"class_list":["post-9584","post","type-post","status-publish","format-standard","hentry","category-general"],"_links":{"self":[{"href":"https:\/\/www.biblia.work\/noticias\/wp-json\/wp\/v2\/posts\/9584","targetHints":{"allow":["GET"]}}],"collection":[{"href":"https:\/\/www.biblia.work\/noticias\/wp-json\/wp\/v2\/posts"}],"about":[{"href":"https:\/\/www.biblia.work\/noticias\/wp-json\/wp\/v2\/types\/post"}],"author":[{"embeddable":true,"href":"https:\/\/www.biblia.work\/noticias\/wp-json\/wp\/v2\/users\/1"}],"replies":[{"embeddable":true,"href":"https:\/\/www.biblia.work\/noticias\/wp-json\/wp\/v2\/comments?post=9584"}],"version-history":[{"count":0,"href":"https:\/\/www.biblia.work\/noticias\/wp-json\/wp\/v2\/posts\/9584\/revisions"}],"wp:attachment":[{"href":"https:\/\/www.biblia.work\/noticias\/wp-json\/wp\/v2\/media?parent=9584"}],"wp:term":[{"taxonomy":"category","embeddable":true,"href":"https:\/\/www.biblia.work\/noticias\/wp-json\/wp\/v2\/categories?post=9584"},{"taxonomy":"post_tag","embeddable":true,"href":"https:\/\/www.biblia.work\/noticias\/wp-json\/wp\/v2\/tags?post=9584"}],"curies":[{"name":"wp","href":"https:\/\/api.w.org\/{rel}","templated":true}]}}