{"id":9586,"date":"2016-12-03T08:15:02","date_gmt":"2016-12-03T13:15:02","guid":{"rendered":"http:\/\/www.biblia.work\/noticias\/la-iglesia-alienta-a-los-jovenes-universitarios-a-ser-alegres-evangelizadores-en-su-contexto-cotidiano\/"},"modified":"2016-12-03T08:15:02","modified_gmt":"2016-12-03T13:15:02","slug":"la-iglesia-alienta-a-los-jovenes-universitarios-a-ser-alegres-evangelizadores-en-su-contexto-cotidiano","status":"publish","type":"post","link":"https:\/\/www.biblia.work\/noticias\/la-iglesia-alienta-a-los-jovenes-universitarios-a-ser-alegres-evangelizadores-en-su-contexto-cotidiano\/","title":{"rendered":"La Iglesia alienta a los j\u00f3venes universitarios a ser \u201calegres evangelizadores\u201d en su contexto cotidiano"},"content":{"rendered":"<p style=\"text-align: justify\"><span style=\"font-weight: 400\">(ZENIT &#8211; Roma).- El \u00a0IV Congreso Mundial de Pastoral para los estudiantes internacionales, promovido y organizado por el Pontificio Consejo para la Pastoral de los migrantes e itinerantes, se ha celebrado en Roma del 28 de noviembre al 2 de diciembre. <\/span><\/p>\n<p style=\"text-align: justify\"><span style=\"font-weight: 400\">En el encuentro, que ten\u00eda como tema \u201c<\/span><i><span style=\"font-weight: 400\">Evangelii Gaudium del papa Francisco y desaf\u00edos morales en el mundo intelectual de los estudiantes internacionales hacia una sociedad m\u00e1s sana\u201d, <\/span><\/i><span style=\"font-weight: 400\">han participado 130 personas procedentes de 36 pa\u00edses de los cinco continentes, entre los cuales 30 j\u00f3venes que est\u00e1n viviendo la experiencia de estudiar en un pa\u00eds distinto al suyo. <\/span><\/p>\n<p style=\"text-align: justify\"><span style=\"font-weight: 400\">Hoy &#8211;informa el comunicado publicado por el dicasterio vaticano&#8211; son cerca de 5 millones de j\u00f3venes los que dejan su tierra de origen y van al extranjero para completar los estudios superiores en distintas instituciones acad\u00e9micas. <\/span><\/p>\n<p style=\"text-align: justify\"><span style=\"font-weight: 400\">El objetivo principal del Congreso ha sido \u201cvalorar los alientos, las reflexiones y las consideraciones de la exhortaci\u00f3n apost\u00f3lica <\/span><i><span style=\"font-weight: 400\">Evangelii Gaudium <\/span><\/i><span style=\"font-weight: 400\">como base para una pastoral estudiantil m\u00e1s actual y eficaz\u201d. Expertos del sector, capellanes de los institutos universitarios y trabajadores pastorales han evidenciado \u201clos desaf\u00edos culturales, religiosos y humanos presentes en los contextos acad\u00e9micos actuales\u201d de forma particular en lo relacionado con la \u201cpastoral de los estudiantes internacionales\u201d, indica el comunicado. <\/span><\/p>\n<p style=\"text-align: justify\"><span style=\"font-weight: 400\">Protagonistas del encuentro \u201chan sido los j\u00f3venes que han intervenido con sus testimonios, estimulando reflexiones y ofreciendo animadas discusiones en las mesas redondas\u201d. <\/span><\/p>\n<p style=\"text-align: justify\"><span style=\"font-weight: 400\">Por otro lado, el dicasterio informa que ha surgido la necesidad de una pastoral que \u201cacompa\u00f1e personalmente\u201d a los estudiantes universitarios, que les ponga al \u201ccentro de las actividades propuestas\u201d, les haga \u201ccreadores y promotores de nuevas iniciativas\u201d sin descuidar el fruct\u00edfero intercambio entre j\u00f3venes que pertenecen a diferentes credos religiosos. <\/span><\/p>\n<p style=\"text-align: justify\"><span style=\"font-weight: 400\">Los formadores y estudiantes han estado de acuerdo en el alentar a los j\u00f3venes universitarios cristianos \u201ca ser alegres evangelizadores en su contexto cotidiano\u201d.<\/span><\/p>\n<p style=\"text-align: justify\"><span style=\"font-weight: 400\">Los estudiantes, dando testimonio de la soledad y dificultades que en ocasiones se siente al llegar a un pa\u00eds extranjero, han pedido a los capellanes y trabajadores de pastoral que se conviertan en \u201cpunto de referencia tambi\u00e9n para la inserci\u00f3n en la nueva red de relaciones\u201d. <\/span><\/p>\n<p><span class=\"et_bloom_bottom_trigger\"><\/span><\/p>\n<p><a href=\"https:\/\/es.zenit.org\/\" target=\"_blank\" rel=\"nofollow\">Fuente: es.zenit.org<\/a><\/p>\n","protected":false},"excerpt":{"rendered":"<p>(ZENIT &#8211; Roma).- El \u00a0IV Congreso Mundial de Pastoral para los estudiantes internacionales, promovido y organizado por el Pontificio Consejo para la Pastoral de los migrantes e itinerantes, se ha celebrado en Roma del 28 de noviembre al 2 de diciembre. En el encuentro, que ten\u00eda como tema \u201cEvangelii Gaudium del papa Francisco y desaf\u00edos &hellip; <a href=\"https:\/\/www.biblia.work\/noticias\/la-iglesia-alienta-a-los-jovenes-universitarios-a-ser-alegres-evangelizadores-en-su-contexto-cotidiano\/\" class=\"more-link\">Continuar leyendo<span class=\"screen-reader-text\"> \u00abLa Iglesia alienta a los j\u00f3venes universitarios a ser \u201calegres evangelizadores\u201d en su contexto cotidiano\u00bb<\/span><\/a><\/p>\n","protected":false},"author":1,"featured_media":0,"comment_status":"open","ping_status":"closed","sticky":false,"template":"","format":"standard","meta":{"footnotes":""},"categories":[1],"tags":[],"class_list":["post-9586","post","type-post","status-publish","format-standard","hentry","category-general"],"_links":{"self":[{"href":"https:\/\/www.biblia.work\/noticias\/wp-json\/wp\/v2\/posts\/9586","targetHints":{"allow":["GET"]}}],"collection":[{"href":"https:\/\/www.biblia.work\/noticias\/wp-json\/wp\/v2\/posts"}],"about":[{"href":"https:\/\/www.biblia.work\/noticias\/wp-json\/wp\/v2\/types\/post"}],"author":[{"embeddable":true,"href":"https:\/\/www.biblia.work\/noticias\/wp-json\/wp\/v2\/users\/1"}],"replies":[{"embeddable":true,"href":"https:\/\/www.biblia.work\/noticias\/wp-json\/wp\/v2\/comments?post=9586"}],"version-history":[{"count":0,"href":"https:\/\/www.biblia.work\/noticias\/wp-json\/wp\/v2\/posts\/9586\/revisions"}],"wp:attachment":[{"href":"https:\/\/www.biblia.work\/noticias\/wp-json\/wp\/v2\/media?parent=9586"}],"wp:term":[{"taxonomy":"category","embeddable":true,"href":"https:\/\/www.biblia.work\/noticias\/wp-json\/wp\/v2\/categories?post=9586"},{"taxonomy":"post_tag","embeddable":true,"href":"https:\/\/www.biblia.work\/noticias\/wp-json\/wp\/v2\/tags?post=9586"}],"curies":[{"name":"wp","href":"https:\/\/api.w.org\/{rel}","templated":true}]}}