{"id":9589,"date":"2016-12-03T09:15:02","date_gmt":"2016-12-03T14:15:02","guid":{"rendered":"http:\/\/www.biblia.work\/noticias\/alcaldes-de-toda-europa-se-reunen-en-el-vaticano-para-debatir-la-situacion-de-los-refugiados\/"},"modified":"2016-12-03T09:15:02","modified_gmt":"2016-12-03T14:15:02","slug":"alcaldes-de-toda-europa-se-reunen-en-el-vaticano-para-debatir-la-situacion-de-los-refugiados","status":"publish","type":"post","link":"https:\/\/www.biblia.work\/noticias\/alcaldes-de-toda-europa-se-reunen-en-el-vaticano-para-debatir-la-situacion-de-los-refugiados\/","title":{"rendered":"Alcaldes de toda Europa se re\u00fanen en el Vaticano para debatir la situaci\u00f3n de los refugiados"},"content":{"rendered":"<p style=\"text-align: justify\">(ZENIT &#8211; Roma).-\u00a0El Vaticano acoge la pr\u00f3xima semana, 9 y 10 de diciembre, una cumbre convocada para \u201catraer la atenci\u00f3n inmediata del mundo a la amenaza que representa para la estabilidad mundial la presencia creciente en nuestro planeta de m\u00e1s de 125 millones de refugiados\u201d. As\u00ed lo indican desde la Pontificia Academia de las Ciencias, en el comunicado de presentaci\u00f3n del evento.<\/p>\n<p style=\"text-align: justify\"><span style=\"font-weight: 400\">Un total de 80 alcaldes procedentes de distintos pa\u00edses de Europa han respondido a dicha cumbre, llamada: &#8220;Europa: los refugiados son nuestros hermanos&#8221;.<\/span><span style=\"font-weight: 400\">\u00a0Asistir\u00e1n al encuentro varios alcaldes espa\u00f1oles: \u00a0Manuela Carmena, de Madrid; Ada Colau, de Barcelona; Joan Rib\u00f3, de Valencia y Francisco de la Torre, de M\u00e1laga. <\/span><\/p>\n<p style=\"text-align: justify\"><span style=\"font-weight: 400\">Desde la organizaci\u00f3n, recuerdan que en su carta enc\u00edclica Laudato si\u2019, el papa Francisco llam\u00f3 a una mayor conversi\u00f3n del coraz\u00f3n hacia \u201clos hermanos y hermanas m\u00e1s fr\u00e1giles\u201d, argumentando que debemos incrementar los esfuerzos para prevenir las crisis humanitarias y, cuando as\u00ed y todo ocurran, debemos asegurarnos de que nuestra respuesta sea adecuada a la enorme magnitud del desaf\u00edo y oportuna de acuerdo con la urgencia de la necesidad. Suministrar carpas y agua potable despu\u00e9s de que todos ya han fallecido a causa del fr\u00edo y de la deshidrataci\u00f3n es algo a todas luces inaceptable\u201d. Espec\u00edficamente, \u201cel Papa nos pide en su Enc\u00edclica que demos prioridad a aquellos enfoques que traigan como resultado cambios apreciables para los excluidos y los marginados que m\u00e1s necesitan de nuestra ayuda\u201d.<\/span><\/p>\n<p style=\"text-align: justify\"><span style=\"font-weight: 400\">Esas personas, que requieren asistencia humanitaria urgente, han sido desplazadas de su tierra, entre otras razones, \u201ccomo consecuencia de la guerra, del hambre y de los terribles desastres naturales\u201d que han aumentado tanto en n\u00famero como en magnitud en los \u00faltimos a\u00f1os, advierten. <\/span><\/p>\n<p style=\"text-align: justify\"><span style=\"font-weight: 400\">En la actualidad, unas tres cuartas partes de todas las emergencias humanitarias del mundo son el resultado directo de una guerra. Para reducir esa cifra, nada ser\u00eda tan eficaz como \u201cponer fin a los conflictos armados\u201d, e impedir que comiencen o vuelvan a ocurrir. \u00a0Adem\u00e1s, asegura el comunicado de la Pontificia Academia de las Ciencias, de esta manera \u201cse acabar\u00eda de un plumazo con la principal causa de los \u00e9xodos masivos de refugiados\u201d.<\/span><\/p>\n<p style=\"text-align: justify\"><span style=\"font-weight: 400\">Finalmente, se asegura que urge que a los alcaldes, en cuanto las autoridades m\u00e1s pr\u00f3ximas a la ciudadan\u00eda, \u201cse les provea de competencias para atender, acoger y regularizar a todo tipo de emigrantes o refugiados\u201d. Urge &#8211;precisan&#8211; que la voz de los alcaldes sea escuchada para promover puentes y no muros. Urge que \u201csu autoridad se ponga al servicio del desarrollo sostenible e integral, de la justicia y de la paz\u201d.<\/span><\/p>\n<p><span class=\"et_bloom_bottom_trigger\"><\/span><\/p>\n<p><a href=\"https:\/\/es.zenit.org\/\" target=\"_blank\" rel=\"nofollow\">Fuente: es.zenit.org<\/a><\/p>\n","protected":false},"excerpt":{"rendered":"<p>(ZENIT &#8211; Roma).-\u00a0El Vaticano acoge la pr\u00f3xima semana, 9 y 10 de diciembre, una cumbre convocada para \u201catraer la atenci\u00f3n inmediata del mundo a la amenaza que representa para la estabilidad mundial la presencia creciente en nuestro planeta de m\u00e1s de 125 millones de refugiados\u201d. As\u00ed lo indican desde la Pontificia Academia de las Ciencias, &hellip; <a href=\"https:\/\/www.biblia.work\/noticias\/alcaldes-de-toda-europa-se-reunen-en-el-vaticano-para-debatir-la-situacion-de-los-refugiados\/\" class=\"more-link\">Continuar leyendo<span class=\"screen-reader-text\"> \u00abAlcaldes de toda Europa se re\u00fanen en el Vaticano para debatir la situaci\u00f3n de los refugiados\u00bb<\/span><\/a><\/p>\n","protected":false},"author":1,"featured_media":0,"comment_status":"open","ping_status":"closed","sticky":false,"template":"","format":"standard","meta":{"footnotes":""},"categories":[1],"tags":[],"class_list":["post-9589","post","type-post","status-publish","format-standard","hentry","category-general"],"_links":{"self":[{"href":"https:\/\/www.biblia.work\/noticias\/wp-json\/wp\/v2\/posts\/9589","targetHints":{"allow":["GET"]}}],"collection":[{"href":"https:\/\/www.biblia.work\/noticias\/wp-json\/wp\/v2\/posts"}],"about":[{"href":"https:\/\/www.biblia.work\/noticias\/wp-json\/wp\/v2\/types\/post"}],"author":[{"embeddable":true,"href":"https:\/\/www.biblia.work\/noticias\/wp-json\/wp\/v2\/users\/1"}],"replies":[{"embeddable":true,"href":"https:\/\/www.biblia.work\/noticias\/wp-json\/wp\/v2\/comments?post=9589"}],"version-history":[{"count":0,"href":"https:\/\/www.biblia.work\/noticias\/wp-json\/wp\/v2\/posts\/9589\/revisions"}],"wp:attachment":[{"href":"https:\/\/www.biblia.work\/noticias\/wp-json\/wp\/v2\/media?parent=9589"}],"wp:term":[{"taxonomy":"category","embeddable":true,"href":"https:\/\/www.biblia.work\/noticias\/wp-json\/wp\/v2\/categories?post=9589"},{"taxonomy":"post_tag","embeddable":true,"href":"https:\/\/www.biblia.work\/noticias\/wp-json\/wp\/v2\/tags?post=9589"}],"curies":[{"name":"wp","href":"https:\/\/api.w.org\/{rel}","templated":true}]}}