{"id":9590,"date":"2016-12-03T10:05:02","date_gmt":"2016-12-03T15:05:02","guid":{"rendered":"http:\/\/www.biblia.work\/noticias\/corte-constitucional-de-colombia-separa-a-la-iglesia-catolica-de-institucion-de-educativa\/"},"modified":"2016-12-03T10:05:02","modified_gmt":"2016-12-03T15:05:02","slug":"corte-constitucional-de-colombia-separa-a-la-iglesia-catolica-de-institucion-de-educativa","status":"publish","type":"post","link":"https:\/\/www.biblia.work\/noticias\/corte-constitucional-de-colombia-separa-a-la-iglesia-catolica-de-institucion-de-educativa\/","title":{"rendered":"Corte Constitucional de Colombia separa a la Iglesia Cat\u00f3lica de instituci\u00f3n de educativa"},"content":{"rendered":"<p> BOGOT\u00c1, 03 Dic. 16 (ACI).-<br \/>\n\tLa Corte Constitucional de Colombia resolvi&oacute; recientemente separar al representante de la Iglesia Cat&oacute;lica en el Servicio Nacional de Aprendizaje (SENA), argumentando que el pa&iacute;s es un &ldquo;Estado laico&rdquo;. Para la Iglesia, esta decisi&oacute;n causa &ldquo;perplejidad e indignaci&oacute;n&rdquo;.<\/p>\n<p style=\"text-align: justify\">\n\tEl SENA es un organismo p&uacute;blico de educaci&oacute;n t&eacute;cnica fundado a mediados del siglo XX, con presencia actualmente en todo el pa&iacute;s. Para la Corte Constitucional, un art&iacute;culo de la ley 119 de 1994, que permit&iacute;a la designaci&oacute;n de un miembro de la Conferencia Episcopal de Colombia (CEC) para el Consejo Directivo del SENA va contra la laicidad del estado.<\/p>\n<p style=\"text-align: justify\">\n\t&ldquo;El Estado colombiano es laico, confesional y neutral. Por ello no debe haber participaci&oacute;n de la Conferencia Episcopal en los &oacute;rganos directivos del SENA&rdquo;, sentenci&oacute; la Corte.<\/p>\n<p style=\"text-align: justify\">\n\tEn un comunicado publicado el 2 de diciembre, la Conferencia Episcopal de Colombia se&ntilde;al&oacute; que recibi&oacute; &ldquo;con perplejidad e indignaci&oacute;n la decisi&oacute;n de la Corte Constitucional&rdquo;.<\/p>\n<p style=\"text-align: justify\">\n\tLos obispos colombianos recordaron que &ldquo;la Iglesia Cat&oacute;lica participa en el Consejo Directivo Nacional del SENA con derecho propio como cofundadora, desde los inicios de esa instituci&oacute;n en el a&ntilde;o 1957&rdquo;.<\/p>\n<p style=\"text-align: justify\">\n\t&ldquo;La misma Iglesia impuls&oacute; su creaci&oacute;n e inspir&oacute; su modelo educativo a partir de experiencias de algunas comunidades religiosas, como los Padres Jesuitas y los Salesianos de Don Bosco&rdquo;, se&ntilde;alaron los obispos.<\/p>\n<p style=\"text-align: justify\">\n\t&ldquo;La presencia de la Iglesia cat&oacute;lica en los or&iacute;genes del SENA se remonta a finales del siglo XIX, cuando los Padres Salesianos fundaron en Bogot&aacute; el Colegio Le&oacute;n XIII de Artes y Oficios&rdquo;, recordaron.<\/p>\n<p style=\"text-align: justify\">\n\tLa Conferencia Episcopal de Colombia se&ntilde;al&oacute; que la Iglesia en el pa&iacute;s ha contribuido a lograr los objetivos del SENA &ldquo;por casi 60 a&ntilde;os&rdquo;.<\/p>\n<p style=\"text-align: justify\">\n\tAdem&aacute;s, precis&oacute;, &ldquo;al argumentar que Colombia es un Estado laico, aconfesional y neutral, como motivo para excluir a la Iglesia Cat&oacute;lica de los organismos directivos del SENA, la Corte Constitucional olvida que la laicidad del Estado no impide permitir la contribuci&oacute;n de las confesiones religiosas al dise&ntilde;o de pol&iacute;ticas sociales y al desarrollo de iniciativas para el bien de todos&rdquo;.<\/p>\n<p style=\"text-align: justify\">\n\tAl finalizar su comunicado, los obispos alentaron a los fieles laicos &ldquo;a asumir con valent&iacute;a y desde su fe cat&oacute;lica la presencia y acci&oacute;n en la educaci&oacute;n, en la pol&iacute;tica, en la econom&iacute;a, de tal manera que su compromiso cristiano sea testimonio de los valores del Evangelio en nuestra sociedad&rdquo;.<\/p>\n<p style=\"text-align: justify\">\n\tTambi&eacute;n te puede interesar:<\/p>\n<p style=\"text-align: justify\">\n\t\tColombia: Miles piden sacar ideolog&iacute;a de g&eacute;nero del acuerdo de paz con las FARC https:\/\/t.co\/L7BSad9p0R<\/p>\n<p>\t&mdash; ACI Prensa (@aciprensa) 24 de noviembre de 2016<\/p>\n","protected":false},"excerpt":{"rendered":"<p>BOGOT\u00c1, 03 Dic. 16 (ACI).- La Corte Constitucional de Colombia resolvi&oacute; recientemente separar al representante de la Iglesia Cat&oacute;lica en el Servicio Nacional de Aprendizaje (SENA), argumentando que el pa&iacute;s es un &ldquo;Estado laico&rdquo;. Para la Iglesia, esta decisi&oacute;n causa &ldquo;perplejidad e indignaci&oacute;n&rdquo;. El SENA es un organismo p&uacute;blico de educaci&oacute;n t&eacute;cnica fundado a mediados &hellip; <a href=\"https:\/\/www.biblia.work\/noticias\/corte-constitucional-de-colombia-separa-a-la-iglesia-catolica-de-institucion-de-educativa\/\" class=\"more-link\">Continuar leyendo<span class=\"screen-reader-text\"> \u00abCorte Constitucional de Colombia separa a la Iglesia Cat\u00f3lica de instituci\u00f3n de educativa\u00bb<\/span><\/a><\/p>\n","protected":false},"author":1,"featured_media":0,"comment_status":"open","ping_status":"closed","sticky":false,"template":"","format":"standard","meta":{"footnotes":""},"categories":[1],"tags":[],"class_list":["post-9590","post","type-post","status-publish","format-standard","hentry","category-general"],"_links":{"self":[{"href":"https:\/\/www.biblia.work\/noticias\/wp-json\/wp\/v2\/posts\/9590","targetHints":{"allow":["GET"]}}],"collection":[{"href":"https:\/\/www.biblia.work\/noticias\/wp-json\/wp\/v2\/posts"}],"about":[{"href":"https:\/\/www.biblia.work\/noticias\/wp-json\/wp\/v2\/types\/post"}],"author":[{"embeddable":true,"href":"https:\/\/www.biblia.work\/noticias\/wp-json\/wp\/v2\/users\/1"}],"replies":[{"embeddable":true,"href":"https:\/\/www.biblia.work\/noticias\/wp-json\/wp\/v2\/comments?post=9590"}],"version-history":[{"count":0,"href":"https:\/\/www.biblia.work\/noticias\/wp-json\/wp\/v2\/posts\/9590\/revisions"}],"wp:attachment":[{"href":"https:\/\/www.biblia.work\/noticias\/wp-json\/wp\/v2\/media?parent=9590"}],"wp:term":[{"taxonomy":"category","embeddable":true,"href":"https:\/\/www.biblia.work\/noticias\/wp-json\/wp\/v2\/categories?post=9590"},{"taxonomy":"post_tag","embeddable":true,"href":"https:\/\/www.biblia.work\/noticias\/wp-json\/wp\/v2\/tags?post=9590"}],"curies":[{"name":"wp","href":"https:\/\/api.w.org\/{rel}","templated":true}]}}