{"id":9594,"date":"2016-12-03T12:15:02","date_gmt":"2016-12-03T17:15:02","guid":{"rendered":"http:\/\/www.biblia.work\/noticias\/san-juan-calabria-4-de-diciembre\/"},"modified":"2016-12-03T12:15:02","modified_gmt":"2016-12-03T17:15:02","slug":"san-juan-calabria-4-de-diciembre","status":"publish","type":"post","link":"https:\/\/www.biblia.work\/noticias\/san-juan-calabria-4-de-diciembre\/","title":{"rendered":"San Juan Calabria \u2013 4 de diciembre"},"content":{"rendered":"<p style=\"text-align: justify\">(ZENIT &#8211; Madrid).- \u00abLa Providencia existe, Dios es Padre y piensa en nosotros, siempre que nosotros pensemos en \u00e9l y le correspondamos buscando en primer lugar el Santo Reino de Dios y su justicia\u00bb. Fue la honda convicci\u00f3n de Juan que hab\u00eda experimentado claramente la Providencia en su vida y en ella sustent\u00f3 el carisma de sus fundaciones. Era el s\u00e9ptimo hijo de una humilde y cristiana familia que rayaba en la pobreza y que le acogi\u00f3 gozosa en su seno cuando naci\u00f3 en Verona, Italia, el 8 de octubre de 1873. Su padre era zapatero y su madre se ganaba la vida como empleada dom\u00e9stica. La muerte de aqu\u00e9l cuando Juan era un adolescente trunc\u00f3 su primera andadura acad\u00e9mica ya que tuvo que ponerse a trabajar para ayudar a sostener el hogar, aunque le desped\u00edan de los trabajos por incompetente. Esta situaci\u00f3n afect\u00f3 a su rendimiento escolar.<\/p>\n<p style=\"text-align: justify\">El padre Scarpini, rector de San Lorenzo, constat\u00f3 que el muchacho mostraba unos rasgos de virtud que le hac\u00edan apto para iniciar los estudios eclesi\u00e1sticos, y no escatim\u00f3 ning\u00fan esfuerzo para que pudiera ingresar en el seminario. La situaci\u00f3n econ\u00f3mica familiar solo le permit\u00eda estudiar como alumno externo, y as\u00ed permaneci\u00f3 tres a\u00f1os hasta que tuvo que cumplir el servicio militar. Ten\u00eda madera de santo y en el cuartel tuvieron ocasi\u00f3n de constatarlo. Cuando sali\u00f3 de all\u00ed, muchos, instados por \u00e9l, hab\u00edan abierto sus brazos a Dios.<\/p>\n<p style=\"text-align: justify\">Algunas de las circunstancias que concurrieron en su vida, especialmente la experiencia de precariedad en la que hab\u00eda discurrido su corta existencia, y el gesto generoso y atento del padre Scarpini, unido a sus entra\u00f1as de misericordia, se trenzaron en fecundo anillo una g\u00e9lida noche de 1897 cuando, tras realizar la visita a los enfermos, hall\u00f3 un ni\u00f1o fugitivo que yac\u00eda en el umbral de su casa aterido de fr\u00edo. Ten\u00eda 6 a\u00f1os y todo indicaba que hab\u00eda sido adiestrado para mendigar y posiblemente secuestrado en la regi\u00f3n de Liguria. Por eso, aunque hizo las gestiones legales oportunas, aconsejado por Scarpini, nadie se preocup\u00f3 de buscar al peque\u00f1o.<\/p>\n<p style=\"text-align: justify\">La pobreza, la soledad, la enfermedad, el abandono\u2026, ser\u00edan para siempre dram\u00e1ticas realidades que jam\u00e1s dejar\u00edan al santo impasible. Por el contrario, a ellas dedic\u00f3 todo su quehacer buscando siempre el modo de paliarlas implicando a seminaristas, sacerdotes y laicos. Por de pronto, aquella inolvidable noche en la que descubri\u00f3 la naturaleza de su verdadera vocaci\u00f3n, cobij\u00f3 al peque\u00f1o en su propia casa sin que su madre mostrara reparo alguno por ello. Y a los pocos meses ya hab\u00eda puesto en marcha la \u00abP\u00eda Uni\u00f3n para la asistencia de los enfermos pobres\u00bb.<\/p>\n<p style=\"text-align: justify\">Desde 1901, a\u00f1o en el que fue ordenado sacerdote, junto a la labor pastoral que realiz\u00f3 en la parroquia de San Esteban y en la rector\u00eda de San Benito del Monte, los enfermos, los ancianos, los pobres y cualquier persona necesitada, recibieron de \u00e9l gestos de caridad ofrecida a manos llenas. Las fundaciones se iban multiplicando mientras la Providencia segu\u00eda acompa\u00f1\u00e1ndole en su incansable labor. Recog\u00eda a los ni\u00f1os abandonados; mientras trataba de hallar un centro de acogida digno para ellos, sin lograrlo. En 1906 su madre se ocupaba de atenderlos con tanta intensidad que enferm\u00f3 gravemente. Juan acudi\u00f3 al conde Francesco Perez. El arist\u00f3crata le mir\u00f3 fijamente convencido de que \u00e9l era la persona id\u00f3nea para cuidar a los peque\u00f1os. Pero con su madre enferma no ve\u00eda c\u00f3mo pod\u00eda llevar a cabo su labor. Suplic\u00f3 a Dios. Si era su voluntad que se ocupase de los ni\u00f1os, el signo ser\u00eda la curaci\u00f3n de su madre al menos durante un a\u00f1o. Ella san\u00f3 repentinamente.<\/p>\n<p style=\"text-align: justify\">En noviembre de 1907 puso en marcha el Instituto \u00abCasa Buoni Fanciulli\u00bb, y a esta obra sigui\u00f3 la fundaci\u00f3n de la \u00abCongregaci\u00f3n de los Pobres Siervos de la Divina Providencia\u00bb, formada con un grupo de personas que secundaron su acci\u00f3n apost\u00f3lica compartiendo su vocaci\u00f3n, y la rama femenina \u00abPobres Siervas de la Divina Providencia\u00bb. Cre\u00f3 la \u00abCittadella della carit\u00e1\u00bb, la \u00abFamilia de los Hermanos Externos\u00bb para los laicos, y fue impulsor de casas de acogida y hospitales.<\/p>\n<p style=\"text-align: justify\">Pensando en los \u00abParias\u00bb en 1934 extendi\u00f3 la fundaci\u00f3n a Vijayavada (India). Adem\u00e1s, promovi\u00f3 las vocaciones y el di\u00e1logo interreligioso dejando abierta una fecunda v\u00eda ecum\u00e9nica con protestantes, ortodoxos y hebreos, fue un extraordinario confesor, y no dud\u00f3 en exponer su vida salvando la de personas en peligro, como la de una doctora hebrea amenazada de muerte en la persecuci\u00f3n nazi a la que rescat\u00f3 manteni\u00e9ndola oculta entre las religiosas fundadas por \u00e9l. Algunos de los agraciados por tan bondadoso coraz\u00f3n, como hizo esta mujer, enviaron cartas a Roma a la postulaci\u00f3n pidiendo que fuese elevado a los altares.<\/p>\n<p style=\"text-align: justify\">Juan se ofreci\u00f3 a s\u00ed mismo por la santificaci\u00f3n de la Iglesia y la unidad de los cristianos, y alent\u00f3 a todos a la vivencia del rigor evang\u00e9lico. Junto con su proverbial caridad, asentada en su oraci\u00f3n, pervivi\u00f3 la gratuidad en todo lo que hizo. De hecho, quer\u00eda que sus hijos realizaran su misi\u00f3n en \u00abdonde nada hay, humanamente, para recibir\u00bb. Solo les ped\u00eda \u00abhumildad, escondimiento total, abandonada por entero y totalmente en la divina Providencia; no pedir nada, rezar mucho; que nadie pague; prohibido todo tipo de publicidad; no conferencias, no reuniones de beneficencia, no agradecimientos p\u00fablicos, porque Dios no necesita estas cosas y \u00c9l se ocupa de esta Obra que es totalmente suya. Nosotros busquemos almas, solamente almas\u00bb.<\/p>\n<p style=\"text-align: justify\">Enfermo de gravedad y sabedor de que P\u00edo XII se hallaba agonizante, puso su vida a los pies del Padre por \u00e9l. Dios le escuch\u00f3. Muri\u00f3 el 4 de diciembre de 1954 mientras el pont\u00edfice sal\u00eda adelante y le sobreviv\u00eda cuatro a\u00f1os m\u00e1s. Al conocer el postrer gesto de caridad que hab\u00eda tenido, P\u00edo XII lo calific\u00f3 como \u00abcampe\u00f3n de evang\u00e9lica caridad\u00bb. Por su parte, el cardenal Schuster orden\u00f3 cincelar este epitafio sobre la tumba de Juan que sintetiza su grandeza y el impacto de su admirable virtud y quehacer apost\u00f3lico: \u00abResplandeci\u00f3 como un faro luminoso en la Iglesia de Dios\u00bb. Juan Pablo II lo beatific\u00f3 el 17 de abril de 1988, y \u00e9l mismo lo canoniz\u00f3 el 18 de abril de 1999.<\/p>\n<p><span class=\"et_bloom_bottom_trigger\"><\/span><\/p>\n<p><a href=\"https:\/\/es.zenit.org\/\" target=\"_blank\" rel=\"nofollow\">Fuente: es.zenit.org<\/a><\/p>\n","protected":false},"excerpt":{"rendered":"<p>(ZENIT &#8211; Madrid).- \u00abLa Providencia existe, Dios es Padre y piensa en nosotros, siempre que nosotros pensemos en \u00e9l y le correspondamos buscando en primer lugar el Santo Reino de Dios y su justicia\u00bb. Fue la honda convicci\u00f3n de Juan que hab\u00eda experimentado claramente la Providencia en su vida y en ella sustent\u00f3 el carisma &hellip; <a href=\"https:\/\/www.biblia.work\/noticias\/san-juan-calabria-4-de-diciembre\/\" class=\"more-link\">Continuar leyendo<span class=\"screen-reader-text\"> \u00abSan Juan Calabria \u2013 4 de diciembre\u00bb<\/span><\/a><\/p>\n","protected":false},"author":1,"featured_media":0,"comment_status":"open","ping_status":"closed","sticky":false,"template":"","format":"standard","meta":{"footnotes":""},"categories":[1],"tags":[],"class_list":["post-9594","post","type-post","status-publish","format-standard","hentry","category-general"],"_links":{"self":[{"href":"https:\/\/www.biblia.work\/noticias\/wp-json\/wp\/v2\/posts\/9594","targetHints":{"allow":["GET"]}}],"collection":[{"href":"https:\/\/www.biblia.work\/noticias\/wp-json\/wp\/v2\/posts"}],"about":[{"href":"https:\/\/www.biblia.work\/noticias\/wp-json\/wp\/v2\/types\/post"}],"author":[{"embeddable":true,"href":"https:\/\/www.biblia.work\/noticias\/wp-json\/wp\/v2\/users\/1"}],"replies":[{"embeddable":true,"href":"https:\/\/www.biblia.work\/noticias\/wp-json\/wp\/v2\/comments?post=9594"}],"version-history":[{"count":0,"href":"https:\/\/www.biblia.work\/noticias\/wp-json\/wp\/v2\/posts\/9594\/revisions"}],"wp:attachment":[{"href":"https:\/\/www.biblia.work\/noticias\/wp-json\/wp\/v2\/media?parent=9594"}],"wp:term":[{"taxonomy":"category","embeddable":true,"href":"https:\/\/www.biblia.work\/noticias\/wp-json\/wp\/v2\/categories?post=9594"},{"taxonomy":"post_tag","embeddable":true,"href":"https:\/\/www.biblia.work\/noticias\/wp-json\/wp\/v2\/tags?post=9594"}],"curies":[{"name":"wp","href":"https:\/\/api.w.org\/{rel}","templated":true}]}}