{"id":9604,"date":"2016-12-04T08:40:05","date_gmt":"2016-12-04T13:40:05","guid":{"rendered":"http:\/\/www.biblia.work\/noticias\/el-reino-de-dios-esta-proximo-y-ya-podemos-experimentar-su-potencia-espiritual-afirmo-el-papa-en-el-angelus\/"},"modified":"2016-12-04T08:40:05","modified_gmt":"2016-12-04T13:40:05","slug":"el-reino-de-dios-esta-proximo-y-ya-podemos-experimentar-su-potencia-espiritual-afirmo-el-papa-en-el-angelus","status":"publish","type":"post","link":"https:\/\/www.biblia.work\/noticias\/el-reino-de-dios-esta-proximo-y-ya-podemos-experimentar-su-potencia-espiritual-afirmo-el-papa-en-el-angelus\/","title":{"rendered":"El Reino de Dios est\u00e1 pr\u00f3ximo y ya podemos experimentar su potencia espiritual, afirm\u00f3 el Papa en el \u00c1ngelus"},"content":{"rendered":"<p> <img src='http:\/\/media02.radiovaticana.va\/photo\/2012\/12\/08\/OTHER1099725_Thumbnail.jpg' alt='' align='left' hspace='5'> <\/p>\n<p>REFLEXIONES EN FRONTERA, jesuita Guillermo Ortiz<\/p>\n<p><span><br \/>\n<audio class=\"video-js vjs-default-skin vjs-big-play-button-centered rv-custom-audio\" controls=\"\" id=\"audioItem_9026396\" preload=\"none\"><\/audio><br \/>\n<span class=\"rv-audio-download\"><a href=\"http:\/\/media02.radiovaticana.va\/audio\/audio2\/mp3\/00560266.mp3\" title=\"Download audio\"><img decoding=\"async\" src=\"http:\/\/es.radiovaticana.va\/Modules\/Presentation\/Styles\/images-common\/icons\/download-audio-mp3_off.png\" style=\"height: 30px\" \/><\/a><\/span> <\/span><\/p>\n<p>Con lectura del Evangelio del domingo 5 minutos<\/p>\n<p><span><br \/>\n<audio class=\"video-js vjs-default-skin vjs-big-play-button-centered rv-custom-audio\" controls=\"\" id=\"audioItem_9026539\" preload=\"none\"><\/audio><br \/>\n<span class=\"rv-audio-download\"><a href=\"http:\/\/media02.radiovaticana.va\/audio\/audio2\/mp3\/00560273.mp3\" title=\"Download audio\"><img decoding=\"async\" src=\"http:\/\/es.radiovaticana.va\/Modules\/Presentation\/Styles\/images-common\/icons\/download-audio-mp3_off.png\" style=\"height: 30px\" \/><\/a><\/span> <\/span><\/p>\n<p>La poderosa fuerza del amor de Dios estaba a punto de manifestarse con la presencia de Jes&uacute;s de Nazaret, seg&uacute;n las antiguas profes&iacute;as de los libros sagrados. Pero tambi&eacute;n el presentador de Jes&uacute;s hab&iacute;a sido anunciado por el profeta Isa&iacute;as: &ldquo;una voz grita en el desierto&rdquo; preparen el camino del Se&ntilde;or. Y Juan Bautista, primo de Jes&uacute;s, apareci&oacute; en el desierto de Judea proclamando: &ldquo;Convi&eacute;rtanse, porque el Reino de los Cielos est&aacute; cerca&rdquo;.<\/p>\n<p>En el Adviento, preparaci&oacute;n para la Navidad, la liturgia nos trae la imagen austera del Bautista que grita en el desierto su llamado a la conversi&oacute;n: &ldquo;el &aacute;rbol que no produce buen fruto ser&aacute; cortado y arrojado al fuego&rdquo;.<\/p>\n<p>Juan ofrec&iacute;a un bautismo de conversi&oacute;n, distinto del que recibimos nosotros, que es el bautismo de Jes&uacute;s. Pero Juan lo aclara bien en su predicaci&oacute;n. A los que aceptaban que el Reino de Dios estaba cerca los bautizaba y les dec&iacute;a: &ldquo;Yo los bautizo con agua para que se conviertan; pero aquel que viene detr&aacute;s de m&iacute; es m&aacute;s poderoso que yo&hellip; El los bautizar&aacute; en el Esp&iacute;ritu Santo y en el fuego&rdquo;.<\/p>\n<p>Hace 56 a&ntilde;os yo recib&iacute; el bautismo de Jes&uacute;s en la parroquia de mi pueblo. Pero quiz&aacute; vos y yo, bautizados con el bautismo de Jes&uacute;s, tenemos que revisar hoy nuestra conversi&oacute;n a Dios. Esa conversi&oacute;n de la que habla Juan Bautista. Examinar si produzco verdaderos frutos de amor y adoraci&oacute;n a Jesucristo en el servicio a los hermanos.&nbsp;<\/p>\n<p><a href=\"http:\/\/es.radiovaticana.va\" target=\"_blank\" rel=\"nofollow\">Fuente: es.radiovaticana.va<\/a><\/p>\n","protected":false},"excerpt":{"rendered":"<p>REFLEXIONES EN FRONTERA, jesuita Guillermo Ortiz Con lectura del Evangelio del domingo 5 minutos La poderosa fuerza del amor de Dios estaba a punto de manifestarse con la presencia de Jes&uacute;s de Nazaret, seg&uacute;n las antiguas profes&iacute;as de los libros sagrados. Pero tambi&eacute;n el presentador de Jes&uacute;s hab&iacute;a sido anunciado por el profeta Isa&iacute;as: &ldquo;una &hellip; <a href=\"https:\/\/www.biblia.work\/noticias\/el-reino-de-dios-esta-proximo-y-ya-podemos-experimentar-su-potencia-espiritual-afirmo-el-papa-en-el-angelus\/\" class=\"more-link\">Continuar leyendo<span class=\"screen-reader-text\"> \u00abEl Reino de Dios est\u00e1 pr\u00f3ximo y ya podemos experimentar su potencia espiritual, afirm\u00f3 el Papa en el \u00c1ngelus\u00bb<\/span><\/a><\/p>\n","protected":false},"author":1,"featured_media":0,"comment_status":"open","ping_status":"closed","sticky":false,"template":"","format":"standard","meta":{"footnotes":""},"categories":[1],"tags":[],"class_list":["post-9604","post","type-post","status-publish","format-standard","hentry","category-general"],"_links":{"self":[{"href":"https:\/\/www.biblia.work\/noticias\/wp-json\/wp\/v2\/posts\/9604","targetHints":{"allow":["GET"]}}],"collection":[{"href":"https:\/\/www.biblia.work\/noticias\/wp-json\/wp\/v2\/posts"}],"about":[{"href":"https:\/\/www.biblia.work\/noticias\/wp-json\/wp\/v2\/types\/post"}],"author":[{"embeddable":true,"href":"https:\/\/www.biblia.work\/noticias\/wp-json\/wp\/v2\/users\/1"}],"replies":[{"embeddable":true,"href":"https:\/\/www.biblia.work\/noticias\/wp-json\/wp\/v2\/comments?post=9604"}],"version-history":[{"count":0,"href":"https:\/\/www.biblia.work\/noticias\/wp-json\/wp\/v2\/posts\/9604\/revisions"}],"wp:attachment":[{"href":"https:\/\/www.biblia.work\/noticias\/wp-json\/wp\/v2\/media?parent=9604"}],"wp:term":[{"taxonomy":"category","embeddable":true,"href":"https:\/\/www.biblia.work\/noticias\/wp-json\/wp\/v2\/categories?post=9604"},{"taxonomy":"post_tag","embeddable":true,"href":"https:\/\/www.biblia.work\/noticias\/wp-json\/wp\/v2\/tags?post=9604"}],"curies":[{"name":"wp","href":"https:\/\/api.w.org\/{rel}","templated":true}]}}