{"id":9608,"date":"2016-12-04T12:15:03","date_gmt":"2016-12-04T17:15:03","guid":{"rendered":"http:\/\/www.biblia.work\/noticias\/beato-felipe-rinaldi-5-de-diciembre\/"},"modified":"2016-12-04T12:15:03","modified_gmt":"2016-12-04T17:15:03","slug":"beato-felipe-rinaldi-5-de-diciembre","status":"publish","type":"post","link":"https:\/\/www.biblia.work\/noticias\/beato-felipe-rinaldi-5-de-diciembre\/","title":{"rendered":"Beato Felipe Rinaldi \u2013 5 de diciembre  \u00a0"},"content":{"rendered":"<p style=\"text-align: justify\">(ZENIT &#8211; Madrid).- Un verdadero ap\u00f3stol desconoce lo que es el des\u00e1nimo. Guiado por la fe y la oraci\u00f3n insistente nunca pierde la esperanza de ver florecer las vocaciones; por eso act\u00faa con arrojo y celeridad movido por la gracia. Este tercer sucesor de Don Bosco, nacido en Lu Monferrato, Alessandr\u00eda, Italia, el 28 de mayo de 1856, fue un milagro de su fe y celo apost\u00f3lico. Se conocieron cuando Felipe ten\u00eda 5 a\u00f1os y el fundador de los salesianos pasaba junto a un grupo de muchachos por la localidad. M\u00e1s tarde, a la edad de 10 a\u00f1os, el joven inici\u00f3 sus estudios en el seminario menor de Mirabello. Pero no le agrad\u00f3 la forma de vida disciplinada que reg\u00eda el acontecer de los alumnos, y regres\u00f3 a su hogar. Se encerr\u00f3 en banda con tal empecinamiento que a partir de entonces fue extremadamente dif\u00edcil que aceptara cualquier sugerencia y se replantease su decisi\u00f3n. No lo logr\u00f3 un amigo seminarista, Pablo Albera, ni Don Bosco, que insisti\u00f3, seg\u00fan se recuerda, como no lo hizo ni antes ni despu\u00e9s con otro joven, yendo en persona a verle, escribi\u00e9ndole, envi\u00e1ndole libros espirituales, y record\u00e1ndole que ten\u00eda las puertas abiertas.<\/p>\n<p style=\"text-align: justify\">Insensible ante un milagro efectuado en el pueblo por Don Bosco, que fue a buscarle cuando ya ten\u00eda 18 a\u00f1os, sigui\u00f3 neg\u00e1ndose a reconsiderar la opci\u00f3n del sacerdocio. Era el octavo y pen\u00faltimo hijo de los campesinos Crist\u00f3bolo Rinaldi y Antonia Brezza, quien or\u00f3 de manera insistente por su vocaci\u00f3n, al punto que Felipe qued\u00f3 profundamente conmovido por este gesto de su madre; parece que fue lo \u00fanico que logr\u00f3 tocar su fibra m\u00e1s sensible en esta \u00e9poca. A los 20 a\u00f1os se hallaba en v\u00edas de contraer matrimonio, pero en cuanto Don Bosco supo la noticia, r\u00e1pidamente acudi\u00f3 a Lu con la esperanza de llev\u00e1rselo consigo. Esta gracia tan orada por \u00e9l y por la fiel Antonia se materializ\u00f3 a finales de 1877. Entonces Felipe se integr\u00f3 en el centro dedicado para vocaciones en edades similares a la suya en Sampierdarena, al frente del cual se hallaba Pablo Albera.<\/p>\n<p style=\"text-align: justify\">Con gran dedicaci\u00f3n y sacrificio curs\u00f3 los estudios que debi\u00f3 haber afrontado en su momento, y en 1880 en San Benito Canav\u00e9s, donde hab\u00eda realizado el noviciado, emiti\u00f3 los votos, pero todav\u00eda sin \u00e1nimo de ser sacerdote. Contra su costumbre, porque sol\u00eda respetar la libertad de los j\u00f3venes, Don Bosco inst\u00f3 a Felipe a iniciar el camino que le llevar\u00eda al sacerdocio, y \u00e9ste le obedeci\u00f3. Fue ordenado en diciembre de 1882 en la catedral de Ivrea. Agradecido y dichoso por las bendiciones que recib\u00eda al lado del fundador, cuando \u00e9ste le preguntaba que si era feliz, respond\u00eda: <em>\u00abS\u00ed, si estoy con usted, de otra forma no s\u00e9 qu\u00e9 ser\u00eda de m\u00ed\u00bb<\/em>.<\/p>\n<p style=\"text-align: justify\">Pocos d\u00edas antes de producirse el deceso de su santo fundador, Felipe acudi\u00f3 a confesarse con \u00e9l. Y Don Bosco, ya casi sin fuerzas, antes de absolverle le dijo: <em>\u00ab<\/em>Meditaci\u00f3n<em>\u00bb<\/em>, apuntando seguramente a lo que deber\u00eda tomar como consigna de su misi\u00f3n. La primera que le encomendaron fue dirigir el centro para vocaciones tard\u00edas de Mathi, responsabilidad que le abrum\u00f3, pero acogi\u00f3 sol\u00edcito. Contribuy\u00f3 al notable incremento de estudiantes que hubo en poco tiempo. Esta fecundidad se har\u00eda patente en Sarri\u00e1, Espa\u00f1a, donde Don Rua lo envi\u00f3 en 1899 como superior de la comunidad, y luego en Portugal, de forma que a Felipe se le considera impulsor de la obra salesiana en estos pa\u00edses.<\/p>\n<p style=\"text-align: justify\">A \u00e9l se debe el nacimiento del instituto secular de las Voluntarias de Don Bosco, a las que recordaba: <em>\u00ab\u00bfQu\u00e9 ten\u00e9is que hacer para tener vida? Ante todo, rezad para sentiros animadas todos los d\u00edas y llevar la cruz que el Se\u00f1or os ha asignado; es lo primero que ten\u00e9is que hacer. Adem\u00e1s, haced bien cada uno de vuestros quehaceres, los propios de vuestro estado, como Dios quiere, en vuestra condici\u00f3n; y esto seg\u00fan el esp\u00edritu del Se\u00f1or y de Don Bosco\u00bb.<\/em> Fue designado vicario general en 1901, y rector mayor en 1922. Suceder a Don Rua, fallecido inesperadamente, para regir el acontecer de los salesianos, alta misi\u00f3n para la que fue elegido ese a\u00f1o, fue un hecho que le sorprendi\u00f3 y que acogi\u00f3 con sencillez y humildad: <em>\u00abEsta elecci\u00f3n es embarazosa tanto para vosotros como para m\u00ed. Quiz\u00e1 Nuestro Se\u00f1or quiere humillar la Congregaci\u00f3n o Nuestra Se\u00f1ora quiere mostrar que, con nosotros, es Ella la que est\u00e1 haci\u00e9ndolo todo. Sin embargo, es algo sumamente embarazoso para m\u00ed. Por favor, orad al buen Se\u00f1or para que yo no destruya lo que Don Bosco y sus sucesores han construido\u00bb.<\/em><\/p>\n<p style=\"text-align: justify\">Era un hombre de oraci\u00f3n, piadoso, devoto de Mar\u00eda Auxiliadora, abierto a las necesidades de su tiempo y fidel\u00edsimo al carisma del fundador. Tuvo gran visi\u00f3n y dotes de iniciativa. Extendi\u00f3 notablemente la obra de Don Bosco poniendo en marcha centros formativos dirigidos tambi\u00e9n a la mujer. Impuls\u00f3 los estudios de los j\u00f3venes salesianos, en los que se inclu\u00eda el estudio de las lenguas para ayuda de la evangelizaci\u00f3n, y tutel\u00f3 la vida espiritual de todos de forma magistral. Fund\u00f3 el Instituto Misionero Salesiano Cagliero en Ivrea, ayud\u00f3 y acompa\u00f1\u00f3 a los Cooperadores, instituy\u00f3 la federaci\u00f3n de alumnos y realiz\u00f3 viajes apost\u00f3licos por distintos puntos de Europa. En un momento dado solicit\u00f3 al papa P\u00edo XI la concesi\u00f3n de <em>\u00abindulgencias por el trabajo santificado\u00bb.<\/em><\/p>\n<p style=\"text-align: justify\">Al hablar del beato Rinaldi frecuentemente se resaltan las palabras del padre Francesia: <em>\u00abLo \u00fanico que le falta al Padre Rinaldi es la voz de Don Bosco: tiene todo lo dem\u00e1s\u00bb.<\/em> El 5 de diciembre de 1931 mientras le\u00eda la vida de Don Miguel R\u00faa, falleci\u00f3 en Tur\u00edn. Fue beatificado por Juan Pablo II el 29 de abril de 1990.<\/p>\n<p style=\"text-align: justify\">&nbsp;<\/p>\n<p><span class=\"et_bloom_bottom_trigger\"><\/span><\/p>\n<p><a href=\"https:\/\/es.zenit.org\/\" target=\"_blank\" rel=\"nofollow\">Fuente: es.zenit.org<\/a><\/p>\n","protected":false},"excerpt":{"rendered":"<p>(ZENIT &#8211; Madrid).- Un verdadero ap\u00f3stol desconoce lo que es el des\u00e1nimo. Guiado por la fe y la oraci\u00f3n insistente nunca pierde la esperanza de ver florecer las vocaciones; por eso act\u00faa con arrojo y celeridad movido por la gracia. Este tercer sucesor de Don Bosco, nacido en Lu Monferrato, Alessandr\u00eda, Italia, el 28 de &hellip; <a href=\"https:\/\/www.biblia.work\/noticias\/beato-felipe-rinaldi-5-de-diciembre\/\" class=\"more-link\">Continuar leyendo<span class=\"screen-reader-text\"> \u00abBeato Felipe Rinaldi \u2013 5 de diciembre  \u00a0\u00ab<\/span><\/a><\/p>\n","protected":false},"author":1,"featured_media":0,"comment_status":"open","ping_status":"closed","sticky":false,"template":"","format":"standard","meta":{"footnotes":""},"categories":[1],"tags":[],"class_list":["post-9608","post","type-post","status-publish","format-standard","hentry","category-general"],"_links":{"self":[{"href":"https:\/\/www.biblia.work\/noticias\/wp-json\/wp\/v2\/posts\/9608","targetHints":{"allow":["GET"]}}],"collection":[{"href":"https:\/\/www.biblia.work\/noticias\/wp-json\/wp\/v2\/posts"}],"about":[{"href":"https:\/\/www.biblia.work\/noticias\/wp-json\/wp\/v2\/types\/post"}],"author":[{"embeddable":true,"href":"https:\/\/www.biblia.work\/noticias\/wp-json\/wp\/v2\/users\/1"}],"replies":[{"embeddable":true,"href":"https:\/\/www.biblia.work\/noticias\/wp-json\/wp\/v2\/comments?post=9608"}],"version-history":[{"count":0,"href":"https:\/\/www.biblia.work\/noticias\/wp-json\/wp\/v2\/posts\/9608\/revisions"}],"wp:attachment":[{"href":"https:\/\/www.biblia.work\/noticias\/wp-json\/wp\/v2\/media?parent=9608"}],"wp:term":[{"taxonomy":"category","embeddable":true,"href":"https:\/\/www.biblia.work\/noticias\/wp-json\/wp\/v2\/categories?post=9608"},{"taxonomy":"post_tag","embeddable":true,"href":"https:\/\/www.biblia.work\/noticias\/wp-json\/wp\/v2\/tags?post=9608"}],"curies":[{"name":"wp","href":"https:\/\/api.w.org\/{rel}","templated":true}]}}