{"id":9618,"date":"2016-12-05T07:15:01","date_gmt":"2016-12-05T12:15:01","guid":{"rendered":"http:\/\/www.biblia.work\/noticias\/el-papa-en-sta-marta-dios-no-quiere-maquillajes-sino-que-reconozcamos-nuestros-pecados\/"},"modified":"2016-12-05T07:15:01","modified_gmt":"2016-12-05T12:15:01","slug":"el-papa-en-sta-marta-dios-no-quiere-maquillajes-sino-que-reconozcamos-nuestros-pecados","status":"publish","type":"post","link":"https:\/\/www.biblia.work\/noticias\/el-papa-en-sta-marta-dios-no-quiere-maquillajes-sino-que-reconozcamos-nuestros-pecados\/","title":{"rendered":"El Papa en Sta. Marta: Dios no quiere maquillajes sino que reconozcamos nuestros pecados"},"content":{"rendered":"<p style=\"text-align: justify\">(ZENIT &#8211; Ciudad del Vaticano).- El papa Francisco ha puesto en guardia ante el peligro de maquillar un poco nuestros pecados sin realmente avergonzarnos de ellos dentro de nuestro coraz\u00f3n. Lo hizo este lunes en su homil\u00eda en la misa matutina de la casa Santa Marta, precisando que debemos dejarnos transformar por Jes\u00fas, y saber dar nombre y apellido a nuestros pecados.<\/p>\n<p style=\"text-align: justify\">El desierto florecer\u00e1, los ciegos ver\u00e1n, los sordos escuchar\u00e1n, indica la primera lectura del Profeta Isa\u00edas. Y esto, se\u00f1al\u00f3 Francisco, \u201cnos habla de renovaci\u00f3n\u201d y &#8220;era lo que el Pueblo de Israel se esperaba del Mes\u00edas&#8221;.<\/p>\n<p style=\"text-align: justify\">La gente \u201cno lo segu\u00eda porque estaba a la\u00a0moda: lo segu\u00eda porque el mensaje de Jes\u00fas llegaba al coraz\u00f3n\u201d. Y a\u00f1adi\u00f3 que \u201cJes\u00fas no solo cambiaba lo feo en hermoso, de lo malo en bueno: Jes\u00fas hizo una transformaci\u00f3n\u201d. No era \u201cun problema de maquillaje\u201d.<\/p>\n<p style=\"text-align: justify\">Hac\u00eda el cambio produciendo una nueva creaci\u00f3n: Dios hab\u00eda creado el mundo; el hombre cay\u00f3 en el pecado; vino Jes\u00fas a re-crear el mundo. Es este el mensaje del Evangelio que se ve claro: antes de curar a ese hombre, Jes\u00fas le perdona sus pecados. Y crea nuevamente a ese hombre de pecador a justo\u201d. Y esto \u201cescandaliza\u201d.<\/p>\n<p style=\"text-align: justify\">Por este motivo &#8211;asegur\u00f3 el Papa&#8211; los doctores de la Ley \u201ciniciaron a discutir y a murmurar\u201d, porque no pod\u00edan aceptar su autoridad. Jes\u00fas es capaz de volvernos a nosotros los pecadores, personas nuevas\u201d.<\/p>\n<p style=\"text-align: justify\">Francisco record\u00f3 que la Magdalena \u201cten\u00eda dentro una llaga, era una pecadora\u201d y que ella \u201cintuy\u00f3 que aquel hombre podr\u00eda curarle la llaga del alma, re-crearla&#8221;.<\/p>\n<p style=\"text-align: justify\">El Pont\u00edfice se\u00f1al\u00f3\u00a0que cuando uno se confiesa y despu\u00e9s sigue igual&#8230; cuando uno no se deja re-crear por el Se\u00f1or, pasa a creer que con dos pinceladas de pintura se ha resuelto la\u00a0historia.<\/p>\n<p style=\"text-align: justify\">\u201cNo, mis pecados tienen nombre y apellido: yo hice esto, esto \u00a0y esto, y siento verguenza en el coraz\u00f3n y abro el coraz\u00f3n\u201d. Porque \u201csiempre tratamos de esconder la gravedad de nuestros pecados\u201d, por ejemplo disminuy\u00e9ndolos, como cuando disminuimos la gravedad de la envidia, que \u201ces una cosa horrible, como el veneno de la serpiente\u201d, que intenta \u201cdestruir al otro\u201d.<\/p>\n<p style=\"text-align: justify\">Francisco subray\u00f3 una historia\u00a0que contaba de un hombre santo estudioso de la biblia, que ten\u00eda un car\u00e1cter muy fuerte, que profer\u00eda palabras de ira, pero ped\u00eda perd\u00f3n al Se\u00f1or. \u00a0Y despu\u00e9s de cada penitencia le preguntaba:<br \/>\n-\u00bfEst\u00e1s contento Se\u00f1or?<br \/>\n&#8211; No, le respond\u00eda.<br \/>\n&#8211; Pero te he dado todo.<br \/>\n&#8211; No, falta algo, le respond\u00eda.<br \/>\nAs\u00ed este pobre hombre hacia otra y otra penitencia y se sent\u00eda repetir:<br \/>\n&#8211; No, falta algo.<br \/>\n&#8211; \u00bfPero que falta Se\u00f1or?<br \/>\n&#8211; Faltan tus pecados. Dame tus pecados, le dijo.<\/p>\n<p style=\"text-align: justify\">&#8220;Esto es lo que el Se\u00f1or nos pide: dame tus pecados y te har\u00e9 un hombre nuevo y una mujer nueva. Que el Se\u00f1or nos de fe para creer en esto\u201d.<\/p>\n<p><span class=\"et_bloom_bottom_trigger\"><\/span><\/p>\n<p><a href=\"https:\/\/es.zenit.org\/\" target=\"_blank\" rel=\"nofollow\">Fuente: es.zenit.org<\/a><\/p>\n","protected":false},"excerpt":{"rendered":"<p>(ZENIT &#8211; Ciudad del Vaticano).- El papa Francisco ha puesto en guardia ante el peligro de maquillar un poco nuestros pecados sin realmente avergonzarnos de ellos dentro de nuestro coraz\u00f3n. Lo hizo este lunes en su homil\u00eda en la misa matutina de la casa Santa Marta, precisando que debemos dejarnos transformar por Jes\u00fas, y saber &hellip; <a href=\"https:\/\/www.biblia.work\/noticias\/el-papa-en-sta-marta-dios-no-quiere-maquillajes-sino-que-reconozcamos-nuestros-pecados\/\" class=\"more-link\">Continuar leyendo<span class=\"screen-reader-text\"> \u00abEl Papa en Sta. Marta: Dios no quiere maquillajes sino que reconozcamos nuestros pecados\u00bb<\/span><\/a><\/p>\n","protected":false},"author":1,"featured_media":0,"comment_status":"open","ping_status":"closed","sticky":false,"template":"","format":"standard","meta":{"footnotes":""},"categories":[1],"tags":[],"class_list":["post-9618","post","type-post","status-publish","format-standard","hentry","category-general"],"_links":{"self":[{"href":"https:\/\/www.biblia.work\/noticias\/wp-json\/wp\/v2\/posts\/9618","targetHints":{"allow":["GET"]}}],"collection":[{"href":"https:\/\/www.biblia.work\/noticias\/wp-json\/wp\/v2\/posts"}],"about":[{"href":"https:\/\/www.biblia.work\/noticias\/wp-json\/wp\/v2\/types\/post"}],"author":[{"embeddable":true,"href":"https:\/\/www.biblia.work\/noticias\/wp-json\/wp\/v2\/users\/1"}],"replies":[{"embeddable":true,"href":"https:\/\/www.biblia.work\/noticias\/wp-json\/wp\/v2\/comments?post=9618"}],"version-history":[{"count":0,"href":"https:\/\/www.biblia.work\/noticias\/wp-json\/wp\/v2\/posts\/9618\/revisions"}],"wp:attachment":[{"href":"https:\/\/www.biblia.work\/noticias\/wp-json\/wp\/v2\/media?parent=9618"}],"wp:term":[{"taxonomy":"category","embeddable":true,"href":"https:\/\/www.biblia.work\/noticias\/wp-json\/wp\/v2\/categories?post=9618"},{"taxonomy":"post_tag","embeddable":true,"href":"https:\/\/www.biblia.work\/noticias\/wp-json\/wp\/v2\/tags?post=9618"}],"curies":[{"name":"wp","href":"https:\/\/api.w.org\/{rel}","templated":true}]}}