{"id":9619,"date":"2016-12-05T08:40:04","date_gmt":"2016-12-05T13:40:04","guid":{"rendered":"http:\/\/www.biblia.work\/noticias\/oracion-y-accion-asi-viven-el-adviento-los-oyentes-de-radio-vaticana\/"},"modified":"2016-12-05T08:40:04","modified_gmt":"2016-12-05T13:40:04","slug":"oracion-y-accion-asi-viven-el-adviento-los-oyentes-de-radio-vaticana","status":"publish","type":"post","link":"https:\/\/www.biblia.work\/noticias\/oracion-y-accion-asi-viven-el-adviento-los-oyentes-de-radio-vaticana\/","title":{"rendered":"Oraci\u00f3n y acci\u00f3n: as\u00ed viven el Adviento los oyentes de Radio Vaticana"},"content":{"rendered":"<p> <img src='http:\/\/media02.radiovaticana.va\/photo\/2016\/12\/02\/RV21633_Thumbnail.jpg' alt='' align='left' hspace='5'> <\/p>\n<p>REFLEXIONES EN FRONTERA, jesuita Guillermo Ortiz<\/p>\n<p><span><br \/>\n<audio class=\"video-js vjs-default-skin vjs-big-play-button-centered rv-custom-audio\" controls=\"\" id=\"audioItem_9034487\" preload=\"none\"><\/audio><br \/>\n<span class=\"rv-audio-download\"><a href=\"http:\/\/media02.radiovaticana.va\/audio\/audio2\/mp3\/00560441.mp3\" title=\"Download audio\"><img decoding=\"async\" src=\"http:\/\/es.radiovaticana.va\/Modules\/Presentation\/Styles\/images-common\/icons\/download-audio-mp3_off.png\" style=\"height: 30px\" \/><\/a><\/span> <\/span><\/p>\n<p>Profetizado por Isa&iacute;as como &quot;una voz que grita en el desierto&quot;, en el segundo domingo de adviento, Juan Bautista predica: &quot;Convi&eacute;rtanse y crean porque el Reino de los cielos est&aacute; cerca&rdquo;. Inspirado en este Evangelio, Francisco record&oacute; que estas son las mismas palabras con las que Jes&uacute;s da inicio a su misi&oacute;n.&nbsp;Se trata del mismo anuncio feliz: &iexcl;viene il reino de Dios, es m&aacute;s, est&aacute; cerca, en medio de nosotros!<\/p>\n<p>El Obispo de Roma se pregunt&oacute; entonces &iquest;qu&eacute; es este reino de los cielos?, y dijo que inmediatamente nosotros pensamos en algo relacionado con el m&aacute;s all&aacute;: la vida eterna y es cierto, &ldquo;pero la bella noticia que Jes&uacute;s nos trae y que Juan anticipa, es que&nbsp;al reino de Dios no tenemos que esperarlo en el futuro: se ha aproximado y de alg&uacute;n modo est&aacute; ya presente y podemos experimentar ya dese ahora su potencia espiritual&rdquo;.<\/p>\n<p>El Papa explic&oacute; que Dios viene a establecer su se&ntilde;or&iacute;o en nuestra vida de cada d&iacute;a; y que all&iacute; donde es recibido con fe y humildad germina el amor, la alegr&iacute;a y la paz. Y subray&oacute; que &ldquo;la condici&oacute;n para entrar y ser parte de este reino es realizar un cambio en nuestra vida, es decir, convertirnos&rdquo;. &ldquo;Con el nacimiento de Jes&uacute;s en Bel&eacute;n, es el mismo Dios quien ha venido a habitar entre nosotros, para liberarnos del ego&iacute;smo, del pecado y de la corrupci&oacute;n&rdquo;.&nbsp;<\/p>\n<p>&nbsp;<\/p>\n<p><a href=\"http:\/\/es.radiovaticana.va\" target=\"_blank\" rel=\"nofollow\">Fuente: es.radiovaticana.va<\/a><\/p>\n","protected":false},"excerpt":{"rendered":"<p>REFLEXIONES EN FRONTERA, jesuita Guillermo Ortiz Profetizado por Isa&iacute;as como &quot;una voz que grita en el desierto&quot;, en el segundo domingo de adviento, Juan Bautista predica: &quot;Convi&eacute;rtanse y crean porque el Reino de los cielos est&aacute; cerca&rdquo;. Inspirado en este Evangelio, Francisco record&oacute; que estas son las mismas palabras con las que Jes&uacute;s da inicio &hellip; <a href=\"https:\/\/www.biblia.work\/noticias\/oracion-y-accion-asi-viven-el-adviento-los-oyentes-de-radio-vaticana\/\" class=\"more-link\">Continuar leyendo<span class=\"screen-reader-text\"> \u00abOraci\u00f3n y acci\u00f3n: as\u00ed viven el Adviento los oyentes de Radio Vaticana\u00bb<\/span><\/a><\/p>\n","protected":false},"author":1,"featured_media":0,"comment_status":"open","ping_status":"closed","sticky":false,"template":"","format":"standard","meta":{"footnotes":""},"categories":[1],"tags":[],"class_list":["post-9619","post","type-post","status-publish","format-standard","hentry","category-general"],"_links":{"self":[{"href":"https:\/\/www.biblia.work\/noticias\/wp-json\/wp\/v2\/posts\/9619","targetHints":{"allow":["GET"]}}],"collection":[{"href":"https:\/\/www.biblia.work\/noticias\/wp-json\/wp\/v2\/posts"}],"about":[{"href":"https:\/\/www.biblia.work\/noticias\/wp-json\/wp\/v2\/types\/post"}],"author":[{"embeddable":true,"href":"https:\/\/www.biblia.work\/noticias\/wp-json\/wp\/v2\/users\/1"}],"replies":[{"embeddable":true,"href":"https:\/\/www.biblia.work\/noticias\/wp-json\/wp\/v2\/comments?post=9619"}],"version-history":[{"count":0,"href":"https:\/\/www.biblia.work\/noticias\/wp-json\/wp\/v2\/posts\/9619\/revisions"}],"wp:attachment":[{"href":"https:\/\/www.biblia.work\/noticias\/wp-json\/wp\/v2\/media?parent=9619"}],"wp:term":[{"taxonomy":"category","embeddable":true,"href":"https:\/\/www.biblia.work\/noticias\/wp-json\/wp\/v2\/categories?post=9619"},{"taxonomy":"post_tag","embeddable":true,"href":"https:\/\/www.biblia.work\/noticias\/wp-json\/wp\/v2\/tags?post=9619"}],"curies":[{"name":"wp","href":"https:\/\/api.w.org\/{rel}","templated":true}]}}