{"id":9620,"date":"2016-12-05T09:40:05","date_gmt":"2016-12-05T14:40:05","guid":{"rendered":"http:\/\/www.biblia.work\/noticias\/homilia-del-papa-jesus-renueva-el-corazon-sin-maquillarlo\/"},"modified":"2016-12-05T09:40:05","modified_gmt":"2016-12-05T14:40:05","slug":"homilia-del-papa-jesus-renueva-el-corazon-sin-maquillarlo","status":"publish","type":"post","link":"https:\/\/www.biblia.work\/noticias\/homilia-del-papa-jesus-renueva-el-corazon-sin-maquillarlo\/","title":{"rendered":"Homil\u00eda del Papa: Jes\u00fas renueva el coraz\u00f3n sin maquillarlo"},"content":{"rendered":"<p> <img src='http:\/\/media02.radiovaticana.va\/photo\/2016\/12\/05\/REUTERS1860738_Thumbnail.JPG' alt='' align='left' hspace='5'> <\/p>\n<p>(RV).- &nbsp;En <strong>Radio Vaticana<\/strong> utilizamos las Redes Sociales como un canal de comunicaci&oacute;n directa que nos permite interactuar a tiempo real con los miles de oyentes que nos escuchan cada d&iacute;a, conectados en sinton&iacute;a desde distintas partes del mundo. A lo largo de esta segunda semana de <a target=\"_blank\" rel=\"nofollow\" href=\"http:\/\/es.radiovaticana.va\/news\/2016\/11\/29\/papa_francisco_adviento_radio_vaticana\/1275673\">Adviento<\/a>, preguntamos a nuestra audiencia a trav&eacute;s de <a target=\"_blank\" rel=\"nofollow\" href=\"https:\/\/www.facebook.com\/RadioVaticanaEspanol\/\">Facebook<\/a>, <a target=\"_blank\" rel=\"nofollow\" href=\"https:\/\/twitter.com\/news_va_es\">Twitter<\/a> y <strong>WhatsApp,<\/strong>&nbsp;c&oacute;mo est&aacute;n viviendo este &laquo;tiempo de espera&raquo; y preparaci&oacute;n espiritual para la llegada de la Navidad. Escuchemos sus respuestas:<\/p>\n<p><span><br \/>\n<audio class=\"video-js vjs-default-skin vjs-big-play-button-centered rv-custom-audio\" controls=\"\" id=\"audioItem_9045274\" preload=\"none\"><\/audio><br \/>\n<span class=\"rv-audio-download\"><a href=\"http:\/\/media02.radiovaticana.va\/audio\/audio2\/mp3\/00560534.mp3\" title=\"Download audio\"><img decoding=\"async\" src=\"http:\/\/es.radiovaticana.va\/Modules\/Presentation\/Styles\/images-common\/icons\/download-audio-mp3_off.png\" style=\"height: 30px\" \/><\/a><\/span> <\/span><\/p>\n<p>&nbsp;Oraci&oacute;n, confesi&oacute;n, celebraci&oacute;n de la eucarist&iacute;a y retiros espirituales son algunos de los <strong>gestos concretos<\/strong> que han puesto en marcha los seguidores de la Radio del Papa, mientras se preparan en este <em>camino de Adviento<\/em> para celebrar el nacimiento de Jes&uacute;s, que tal y como ellos mismos nos cuentan &laquo;debe nacer en cada uno de nuestros corazones&raquo;.<\/p>\n<p>Un tiempo que invita a vivir intensamente la <strong>alegr&iacute;a y la unidad<\/strong> en los hogares cristianos, que poco a poco comienzan a preparar en sus casas la representaci&oacute;n del pesebre, el &aacute;rbol navide&ntilde;o y otros tantos tipos de adornos con los que se busca crear un ambiente de festividad pero tambi&eacute;n de expectaci&oacute;n: la humanidad celebra con gozo y esperanza, que &laquo;Dios se hizo hombre para salvarla de la esclavitud del pecado&raquo;.&nbsp;<\/p>\n<p>&laquo;El adviento es un tiempo hermoso de cambio y renovaci&oacute;n en el que preparo mi coraz&oacute;n para la venida de Jes&uacute;s&raquo;, &laquo;Vivo este tiempo rezando el Santo Rosario a diario con un <strong>grupo de enfermos<\/strong> del hospital de mi ciudad&raquo;, &laquo;Pienso que si el Se&ntilde;or vino a este mundo por cada uno de nosotros y naci&oacute; para dar su vida despu&eacute;s de todo, yo tambi&eacute;n debo &quot;renacer&quot; por este motivo&raquo;. Estos son algunos de los mensajes de nuestros oyentes enviados desde El Salvador, Espa&ntilde;a y Costa Rica.<\/p>\n<p>Los invitamos a que sigan interactuando con la <strong>Radio del Papa<\/strong>, cont&aacute;ndonos c&oacute;mo est&aacute;n viviendo este Adviento. Pueden enviar sus AUDIOS al (0039) 347 225 0785.<\/p>\n<p>(SL-RV)<\/p>\n<p>M&aacute;s programas <a target=\"_blank\" rel=\"nofollow\" href=\"http:\/\/es.radiovaticana.va\/news\/vox-populi\/tu-comentario-ayuda\">TU COMENTARIO AYUDA<\/a><\/p>\n<p><a href=\"http:\/\/es.radiovaticana.va\" target=\"_blank\" rel=\"nofollow\">Fuente: es.radiovaticana.va<\/a><\/p>\n","protected":false},"excerpt":{"rendered":"<p>(RV).- &nbsp;En Radio Vaticana utilizamos las Redes Sociales como un canal de comunicaci&oacute;n directa que nos permite interactuar a tiempo real con los miles de oyentes que nos escuchan cada d&iacute;a, conectados en sinton&iacute;a desde distintas partes del mundo. A lo largo de esta segunda semana de Adviento, preguntamos a nuestra audiencia a trav&eacute;s de &hellip; <a href=\"https:\/\/www.biblia.work\/noticias\/homilia-del-papa-jesus-renueva-el-corazon-sin-maquillarlo\/\" class=\"more-link\">Continuar leyendo<span class=\"screen-reader-text\"> \u00abHomil\u00eda del Papa: Jes\u00fas renueva el coraz\u00f3n sin maquillarlo\u00bb<\/span><\/a><\/p>\n","protected":false},"author":1,"featured_media":0,"comment_status":"open","ping_status":"closed","sticky":false,"template":"","format":"standard","meta":{"footnotes":""},"categories":[1],"tags":[],"class_list":["post-9620","post","type-post","status-publish","format-standard","hentry","category-general"],"_links":{"self":[{"href":"https:\/\/www.biblia.work\/noticias\/wp-json\/wp\/v2\/posts\/9620","targetHints":{"allow":["GET"]}}],"collection":[{"href":"https:\/\/www.biblia.work\/noticias\/wp-json\/wp\/v2\/posts"}],"about":[{"href":"https:\/\/www.biblia.work\/noticias\/wp-json\/wp\/v2\/types\/post"}],"author":[{"embeddable":true,"href":"https:\/\/www.biblia.work\/noticias\/wp-json\/wp\/v2\/users\/1"}],"replies":[{"embeddable":true,"href":"https:\/\/www.biblia.work\/noticias\/wp-json\/wp\/v2\/comments?post=9620"}],"version-history":[{"count":0,"href":"https:\/\/www.biblia.work\/noticias\/wp-json\/wp\/v2\/posts\/9620\/revisions"}],"wp:attachment":[{"href":"https:\/\/www.biblia.work\/noticias\/wp-json\/wp\/v2\/media?parent=9620"}],"wp:term":[{"taxonomy":"category","embeddable":true,"href":"https:\/\/www.biblia.work\/noticias\/wp-json\/wp\/v2\/categories?post=9620"},{"taxonomy":"post_tag","embeddable":true,"href":"https:\/\/www.biblia.work\/noticias\/wp-json\/wp\/v2\/tags?post=9620"}],"curies":[{"name":"wp","href":"https:\/\/api.w.org\/{rel}","templated":true}]}}