{"id":9623,"date":"2016-12-05T10:15:02","date_gmt":"2016-12-05T15:15:02","guid":{"rendered":"http:\/\/www.biblia.work\/noticias\/obispos-de-venezuela-reiteran-la-gravedad-del-aborto-ante-tergiversaciones-periodisticas\/"},"modified":"2016-12-05T10:15:02","modified_gmt":"2016-12-05T15:15:02","slug":"obispos-de-venezuela-reiteran-la-gravedad-del-aborto-ante-tergiversaciones-periodisticas","status":"publish","type":"post","link":"https:\/\/www.biblia.work\/noticias\/obispos-de-venezuela-reiteran-la-gravedad-del-aborto-ante-tergiversaciones-periodisticas\/","title":{"rendered":"Obispos de Venezuela reiteran la gravedad del aborto ante tergiversaciones period\u00edsticas"},"content":{"rendered":"<p style=\"text-align: justify\">(ZENIT &#8211; Roma).- La Comisi\u00f3n episcopal de familia e infancia de la Conferencia Episcopal Venezolano, ha publicado al final del mes pasado un comunicado con el t\u00edtulo &#8220;Aborto y misericordia&#8221; y la frase del salmo\u00a0&#8220;T\u00fa me sacaste del vientre de mi madre&#8221; (Ps. 22,10). para responder a algunas tergiversaciones que han aparecido en los medios de comunicaci\u00f3n, acerca de la autorizaci\u00f3n que el Papa Francisco ha dado a los sacerdotes para perdonar el grav\u00edsimo pecado del aborto.<\/p>\n<p style=\"text-align: justify\">A continuaci\u00f3n el texto:<\/p>\n<p style=\"text-align: justify\">1. El Papa Francisco ha reiterado en muchas ocasiones que se debe respeto a la vida de la persona humana, desde la concepci\u00f3n hasta la muerte natural. La nueva vida de un ni\u00f1o es una bendici\u00f3n y un gran don que el creador ha confiado a su padre y a su madre.<\/p>\n<p style=\"text-align: justify\">2. Desde siempre, la Iglesia ense\u00f1a y repite este mensaje porque el ser engendrado en el seno materno es una persona, por tanto, con la dignidad de criatura, de hijo de Dios destinado a una vida eterna en Cristo.<\/p>\n<p style=\"text-align: justify\">3. Al igual que la Iglesia, todas las personas con sentido com\u00fan, y la misma ciencia, corroboran la presencia de todo el potencial humano en el ser engendrado, desde su misma concepci\u00f3n.<\/p>\n<p style=\"text-align: justify\">4. El aborto es una acci\u00f3n directa contra un ser humano en el vientre materno. Es arrancar la vida a un ser inocente, indefenso y d\u00e9bil. Es considerar al feto como &#8220;material de descarte&#8221;.<\/p>\n<p style=\"text-align: justify\">5. Debido a la gravedad de esta acci\u00f3n en s\u00ed misma, porque es un atentado muy grave contra la vida humana, la Iglesia reserv\u00f3 el perd\u00f3n de este pecado a los obispos. De esa manera se destaca la gravedad de la acci\u00f3n.<\/p>\n<p style=\"text-align: justify\">6. Como la salud espiritual y humana de las personas es muy importante, y teniendo en cuenta que la mayor\u00eda de las personas que incurren directa o indirectamente en estas acciones suelen tener un vivo y doloroso arrepentimiento delante de Dios, el santo Padre Francisco ha concedido a todos los sacerdotes del mundo la posibilidad de absolver el pecado del aborto a quien arrepentido acude a la Confesi\u00f3n. Es un gesto de misericordia hacia quienes sufren por haber incurrido en estas graves faltas.<\/p>\n<p style=\"text-align: justify\">7. El Papa reitera en la carta &#8220;Misericordia et misera&#8221; (22-XI-2016) lo siguiente: &#8220;reitero con todas mis fuerzas que el aborto es un pecado grave, porque pone fin a una vida humana inocente&#8221; (n.12). A la vez que se\u00f1ala que &#8220;no existe ning\u00fan pecado que la misericordia de Dios no pueda alcanzar y destruir, all\u00ed donde encuentra un coraz\u00f3n arrepentido que pide reconciliarse con el Padre&#8221; (n.12).<\/p>\n<p style=\"text-align: justify\">8. La defensa sostenida de la Iglesia por el derecho humano primario de la vida desde su concepci\u00f3n hasta la muerte natural, forma parte del Evangelio de Jesucristo que dignifica a todos los seres humanos y es una fuente de armon\u00eda, de paz y desarrollo.<br \/>\n<strong>Mons. Fernando Castro, <\/strong>obispo de Margarita. Presidente<\/p>\n<p style=\"text-align: justify\"><strong>Mons. Rafael Conde<\/strong>,\u00a0obispo de Maracay<\/p>\n<p style=\"text-align: justify\"><strong>Mons. Benito M\u00e9ndez, <\/strong>ordinario Militar de Venezuela<\/p>\n<p style=\"text-align: justify\"><strong>Mons. Jos\u00e9 de la Trinidad Valera,\u00a0<\/strong>obispo de Guanare<\/p>\n<p style=\"text-align: justify\"><strong>Mons. Jaime Villarroel,\u00a0<\/strong>obispo de Car\u00fapano<\/p>\n<p style=\"text-align: justify\"><strong>Mons. Ram\u00f3n Linares,\u00a0<\/strong>obispo Em\u00e9rito de Barinas<\/p>\n<p><span class=\"et_bloom_bottom_trigger\"><\/span><\/p>\n<p><a href=\"https:\/\/es.zenit.org\/\" target=\"_blank\" rel=\"nofollow\">Fuente: es.zenit.org<\/a><\/p>\n","protected":false},"excerpt":{"rendered":"<p>(ZENIT &#8211; Roma).- La Comisi\u00f3n episcopal de familia e infancia de la Conferencia Episcopal Venezolano, ha publicado al final del mes pasado un comunicado con el t\u00edtulo &#8220;Aborto y misericordia&#8221; y la frase del salmo\u00a0&#8220;T\u00fa me sacaste del vientre de mi madre&#8221; (Ps. 22,10). para responder a algunas tergiversaciones que han aparecido en los medios &hellip; <a href=\"https:\/\/www.biblia.work\/noticias\/obispos-de-venezuela-reiteran-la-gravedad-del-aborto-ante-tergiversaciones-periodisticas\/\" class=\"more-link\">Continuar leyendo<span class=\"screen-reader-text\"> \u00abObispos de Venezuela reiteran la gravedad del aborto ante tergiversaciones period\u00edsticas\u00bb<\/span><\/a><\/p>\n","protected":false},"author":1,"featured_media":0,"comment_status":"open","ping_status":"closed","sticky":false,"template":"","format":"standard","meta":{"footnotes":""},"categories":[1],"tags":[],"class_list":["post-9623","post","type-post","status-publish","format-standard","hentry","category-general"],"_links":{"self":[{"href":"https:\/\/www.biblia.work\/noticias\/wp-json\/wp\/v2\/posts\/9623","targetHints":{"allow":["GET"]}}],"collection":[{"href":"https:\/\/www.biblia.work\/noticias\/wp-json\/wp\/v2\/posts"}],"about":[{"href":"https:\/\/www.biblia.work\/noticias\/wp-json\/wp\/v2\/types\/post"}],"author":[{"embeddable":true,"href":"https:\/\/www.biblia.work\/noticias\/wp-json\/wp\/v2\/users\/1"}],"replies":[{"embeddable":true,"href":"https:\/\/www.biblia.work\/noticias\/wp-json\/wp\/v2\/comments?post=9623"}],"version-history":[{"count":0,"href":"https:\/\/www.biblia.work\/noticias\/wp-json\/wp\/v2\/posts\/9623\/revisions"}],"wp:attachment":[{"href":"https:\/\/www.biblia.work\/noticias\/wp-json\/wp\/v2\/media?parent=9623"}],"wp:term":[{"taxonomy":"category","embeddable":true,"href":"https:\/\/www.biblia.work\/noticias\/wp-json\/wp\/v2\/categories?post=9623"},{"taxonomy":"post_tag","embeddable":true,"href":"https:\/\/www.biblia.work\/noticias\/wp-json\/wp\/v2\/tags?post=9623"}],"curies":[{"name":"wp","href":"https:\/\/api.w.org\/{rel}","templated":true}]}}