{"id":9625,"date":"2016-12-05T11:15:02","date_gmt":"2016-12-05T16:15:02","guid":{"rendered":"http:\/\/www.biblia.work\/noticias\/madre-y-esposas-de-opositores-presos-en-venezuela-se-encadenan-en-el-vaticano\/"},"modified":"2016-12-05T11:15:02","modified_gmt":"2016-12-05T16:15:02","slug":"madre-y-esposas-de-opositores-presos-en-venezuela-se-encadenan-en-el-vaticano","status":"publish","type":"post","link":"https:\/\/www.biblia.work\/noticias\/madre-y-esposas-de-opositores-presos-en-venezuela-se-encadenan-en-el-vaticano\/","title":{"rendered":"Madre y esposas de opositores presos en Venezuela \u2018se encadenan\u2019 en el Vaticano"},"content":{"rendered":"<p style=\"text-align: justify\">(ZENIT &#8211; Ciudad del Vaticano).- Antonieta Mendoza de L\u00f3pez, madre de Leopoldo L\u00f3pez, se \u2018encaden\u00f3\u2019 simb\u00f3licamente frente al Vaticano para pedir la mediaci\u00f3n del papa Francisco para la liberaci\u00f3n de su hijo, el l\u00edder opositor venezolano, ex alcalde de Chacaho, preso desde hace m\u00e1s de mil d\u00edas.<\/p>\n<p style=\"text-align: justify\"><span style=\"font-weight: 400\">Leopoldo L\u00f3pez fue <\/span><span style=\"font-weight: 400\">condenado el 10 de septiembre de 2015 la por la justicia de su pa\u00eds a m\u00e1s de 13 a\u00f1os de prisi\u00f3n con la acusaci\u00f3n de incitaci\u00f3n a la violencia a trav\u00e9s de mensajes en las redes sociales. Junto a la se\u00f1ora Antonieta se encontraba la esposa de L\u00f3pez, Lilian Tintori, y Mitzi Capriles de Ledezma, la esposa del ex alcalde de Caracas, Antonio Ledezma, tambi\u00e9n \u00e9l preso acusado de preparar un golpe pero nunca juzgado.<\/span><\/p>\n<p style=\"text-align: justify\"><span style=\"font-weight: 400\">\u201cEstoy y segura que de coraz\u00f3n el Papa est\u00e1 con nosotros, s\u00e9 que nos va ayudar y confiamos en \u00e9l\u201d se\u00f1al\u00f3\u00a0la madre de Leopoldo L\u00f3pez. Y si bien indic\u00f3 que est\u00e1 al corriente del di\u00e1logo en curso entre el Gobierno y la Santa Sede, para buscar una salida a la cr\u00edtica situaci\u00f3n del pa\u00eds, indic\u00f3: \u201cNos gustar\u00eda que el Santo Padre pudiera recibirnos para escuchar la voz de los parientes de los presos pol\u00edticos\u201d.<\/span><span style=\"line-height: 1.5\">\u00a0<\/span><\/p>\n<p style=\"text-align: justify\"><span style=\"font-weight: 400\">\u201cEstamos aqu\u00ed solicitando la liberaci\u00f3n de Leopoldo L\u00f3pez y Antonio Ledezma, y de todos los presos pol\u00edticos venezolanos, que han ido a la c\u00e1rcel solamente por disentir de un r\u00e9gimen dictatorial. Ellos son inocentes, hay m\u00e1s de 107 presos pol\u00edticos que son torturados f\u00edsica y psicol\u00f3gicamente\u201d, asegur\u00f3. <\/span><\/p>\n<p style=\"text-align: justify\"><span style=\"font-weight: 400\">\u201cVenimos aqu\u00ed a solicitarle a la Santa Sede y a su santidad el papa Francisco que exhorte al gobierno venezolano a respetar las disposiciones y resoluciones internacionales, porque que todos: las Naciones Unidas, la Organizaci\u00f3n de Estados Americanos, Human Right Watch, la Comisi\u00f3n Interamericana de Derechos Humanos, han pedido la liberaci\u00f3n inmediata de los presos pol\u00edticos\u201d.<\/span><\/p>\n<p style=\"text-align: justify\"><span style=\"font-weight: 400\">\u201cY para que un di\u00e1logo en el que creemos &#8211;prosigui\u00f3 la madre de L\u00f3pez&#8211; sea eficiente y le abra a Venezuela la posibilidad de salir de esta crisis, es necesario que liberen a los presos pol\u00edticos. Esa es la raz\u00f3n de nuestra protesta pac\u00edfica, simb\u00f3lica, moral y \u00e9tica\u201d.<\/span><\/p>\n<p style=\"text-align: justify\"><span style=\"font-weight: 400\">Se\u00f1al\u00f3 tres condiciones que la oposici\u00f3n considera necesaria para que el di\u00e1logo pueda funcionar: la liberaci\u00f3n de los presos pol\u00edticos, el cronograma electoral, y que se abran los canales humanitarios. <\/span><\/p>\n<p style=\"text-align: justify\"><span style=\"font-weight: 400\">\u201cQuiero recordar que el Gobierno le rob\u00f3 a los venezolanos el derecho constitucional de ejercer el voto, sepultando el referendo revocatorio que deb\u00eda celebrarse en este a\u00f1o 2016\u201d, dijo. Y sobre el segundo punto se\u00f1al\u00f3 que \u201cVenezuela est\u00e1 en una crisis humanitaria de alimentos y medicinas\u201d y que \u201chay miles de toneladas de medicinas donadas por los pa\u00edses hermanos esperando en los puertos venezolanos y el gobierno no los deja entrar para no reconocer la que est\u00e1 pasando\u201d.<\/span><\/p>\n<p><span class=\"et_bloom_bottom_trigger\"><\/span><\/p>\n<p><a href=\"https:\/\/es.zenit.org\/\" target=\"_blank\" rel=\"nofollow\">Fuente: es.zenit.org<\/a><\/p>\n","protected":false},"excerpt":{"rendered":"<p>(ZENIT &#8211; Ciudad del Vaticano).- Antonieta Mendoza de L\u00f3pez, madre de Leopoldo L\u00f3pez, se \u2018encaden\u00f3\u2019 simb\u00f3licamente frente al Vaticano para pedir la mediaci\u00f3n del papa Francisco para la liberaci\u00f3n de su hijo, el l\u00edder opositor venezolano, ex alcalde de Chacaho, preso desde hace m\u00e1s de mil d\u00edas. Leopoldo L\u00f3pez fue condenado el 10 de septiembre &hellip; <a href=\"https:\/\/www.biblia.work\/noticias\/madre-y-esposas-de-opositores-presos-en-venezuela-se-encadenan-en-el-vaticano\/\" class=\"more-link\">Continuar leyendo<span class=\"screen-reader-text\"> \u00abMadre y esposas de opositores presos en Venezuela \u2018se encadenan\u2019 en el Vaticano\u00bb<\/span><\/a><\/p>\n","protected":false},"author":1,"featured_media":0,"comment_status":"open","ping_status":"closed","sticky":false,"template":"","format":"standard","meta":{"footnotes":""},"categories":[1],"tags":[],"class_list":["post-9625","post","type-post","status-publish","format-standard","hentry","category-general"],"_links":{"self":[{"href":"https:\/\/www.biblia.work\/noticias\/wp-json\/wp\/v2\/posts\/9625","targetHints":{"allow":["GET"]}}],"collection":[{"href":"https:\/\/www.biblia.work\/noticias\/wp-json\/wp\/v2\/posts"}],"about":[{"href":"https:\/\/www.biblia.work\/noticias\/wp-json\/wp\/v2\/types\/post"}],"author":[{"embeddable":true,"href":"https:\/\/www.biblia.work\/noticias\/wp-json\/wp\/v2\/users\/1"}],"replies":[{"embeddable":true,"href":"https:\/\/www.biblia.work\/noticias\/wp-json\/wp\/v2\/comments?post=9625"}],"version-history":[{"count":0,"href":"https:\/\/www.biblia.work\/noticias\/wp-json\/wp\/v2\/posts\/9625\/revisions"}],"wp:attachment":[{"href":"https:\/\/www.biblia.work\/noticias\/wp-json\/wp\/v2\/media?parent=9625"}],"wp:term":[{"taxonomy":"category","embeddable":true,"href":"https:\/\/www.biblia.work\/noticias\/wp-json\/wp\/v2\/categories?post=9625"},{"taxonomy":"post_tag","embeddable":true,"href":"https:\/\/www.biblia.work\/noticias\/wp-json\/wp\/v2\/tags?post=9625"}],"curies":[{"name":"wp","href":"https:\/\/api.w.org\/{rel}","templated":true}]}}