{"id":9626,"date":"2016-12-05T12:15:02","date_gmt":"2016-12-05T17:15:02","guid":{"rendered":"http:\/\/www.biblia.work\/noticias\/programa-del-papa-del-6-al-12-de-diciembre\/"},"modified":"2016-12-05T12:15:02","modified_gmt":"2016-12-05T17:15:02","slug":"programa-del-papa-del-6-al-12-de-diciembre","status":"publish","type":"post","link":"https:\/\/www.biblia.work\/noticias\/programa-del-papa-del-6-al-12-de-diciembre\/","title":{"rendered":"Programa del Papa del 6 al 12 de diciembre"},"content":{"rendered":"<p style=\"text-align: justify\">(ZENIT &#8211; Ciudad del Vaticano).- Se acerca la Navidad y en Roma el programa de actividades de la Iglesia, y en particular del papa Francisco es amplio. Aqu\u00ed reportamos las principales actividades p\u00fablicas del Santo Padre, extra\u00eddo de un informe de la Radio Vaticano.<\/p>\n<p style=\"text-align: justify\"><strong>El mi\u00e9rcoles 7 de diciembre<\/strong> el Papa Francisco celebrar\u00e1 por la ma\u00f1ana en el Aula Pablo VI de la Ciudad del Vaticano, su tradicional audiencia general, en la que participar\u00e1n varios miles de fieles y peregrinos procedentes de numerosos pa\u00edses, deseosos de escuchar su catequesis semanal y de recibir su bendici\u00f3n apost\u00f3lica.<\/p>\n<p style=\"text-align: justify\"><strong>El jueves 8 de diciembre<\/strong>, Solemnidad de la Inmaculada Concepci\u00f3n de la bienaventurada Virgen Mar\u00eda, el Santo Padre\u00a0rezar\u00e1 al mediod\u00eda la oraci\u00f3n mariana del \u00c1ngelus en la Plaza de San Pedro. Por la tarde\u00a0ir\u00e1 a plaza \u00a0de Espa\u00f1a para colocar un homenaje floral a los pies de la imagen\u00a0de la Inmaculada.<\/p>\n<p style=\"text-align: justify\"><strong>El viernes 9 de diciembre<\/strong>\u00a0el papa Francisco asistir\u00e1 por la ma\u00f1ana junto a los dem\u00e1s miembros de la familia pontificia, a los cardenales e integrantes de la Curia romana, a la segunda predicaci\u00f3n de Adviento, del padre Raniero Cantalamessa, predicador de la Casa Pontificia, en la capilla\u00a0<em>Redemptoris Mater<\/em> del Palacio Apost\u00f3lico.<\/p>\n<p style=\"text-align: justify\">Esa misma ma\u00f1ana el Pont\u00edfice deber\u00eda recibir en audiencia a una delegaci\u00f3n procedente de la regi\u00f3n italiana de Trento y de Malta, entre cuyos participantes se destacan diversos ni\u00f1os, que han donado el pesebre y el \u00e1rbol de Navidad que adornar\u00e1 en las pr\u00f3ximas festividades la Plaza de San Pedro.<\/p>\n<p style=\"text-align: justify\"><strong>El 9 de diciembre<\/strong> por la tarde se inaugurar\u00e1 el Pesebre con la iluminaci\u00f3n del \u00e1rbol de Navidad de la Plaza de San Pedro, que este a\u00f1o permanecer\u00e1 iluminado desde esa misma tarde y hasta la noche del domingo 8 de enero del pr\u00f3ximo a\u00f1o 2017.\u00a0El \u00e1rbol, es un abeto rojo de 25 metros de altura,\u00a0que llega desde la\u00a0Provincia Aut\u00f3noma de Trento. Mientras el pesebre ha sido donado por la Arquidi\u00f3cesis y el Gobierno de Malta .<\/p>\n<p style=\"text-align: justify\"><strong>El s\u00e1bado 10 de diciembre,<\/strong> en que se recordar\u00e1 la memoria de la Bienaventurada Virgen Mar\u00eda de Loreto, el Papa Francisco recibir\u00e1 en audiencia al nuevo embajador de Ben\u00edn ante la Santa Sede quien presentar\u00e1 sus cartas credenciales.<\/p>\n<p style=\"text-align: justify\"><strong>El domingo 11 de diciembre<\/strong>, III Domingo de Adviento, el Papa Francisco rezar\u00e1 a mediod\u00eda la oraci\u00f3n mariana del \u00c1ngelus con los fieles y peregrinos que se dar\u00e1n cita en la Plaza de San Pedro y\u00a0bendecir\u00e1 las estatuillas del ni\u00f1o Jes\u00fas que ser\u00e1n colocados en los pesebres dom\u00e9sticos de esta Navidad.<\/p>\n<p style=\"text-align: justify\"><strong>El lunes 12 de diciembre<\/strong> a las 18.00 el Pont\u00edfice presidir\u00e1, por tercer a\u00f1o consecutivo, en la bas\u00edlica vaticana, la santa misa con motivo de la fiesta de Nuestra Se\u00f1ora\u00a0de Guadalupe.<\/p>\n<p><span class=\"et_bloom_bottom_trigger\"><\/span><\/p>\n<p><a href=\"https:\/\/es.zenit.org\/\" target=\"_blank\" rel=\"nofollow\">Fuente: es.zenit.org<\/a><\/p>\n","protected":false},"excerpt":{"rendered":"<p>(ZENIT &#8211; Ciudad del Vaticano).- Se acerca la Navidad y en Roma el programa de actividades de la Iglesia, y en particular del papa Francisco es amplio. Aqu\u00ed reportamos las principales actividades p\u00fablicas del Santo Padre, extra\u00eddo de un informe de la Radio Vaticano. El mi\u00e9rcoles 7 de diciembre el Papa Francisco celebrar\u00e1 por la &hellip; <a href=\"https:\/\/www.biblia.work\/noticias\/programa-del-papa-del-6-al-12-de-diciembre\/\" class=\"more-link\">Continuar leyendo<span class=\"screen-reader-text\"> \u00abPrograma del Papa del 6 al 12 de diciembre\u00bb<\/span><\/a><\/p>\n","protected":false},"author":1,"featured_media":0,"comment_status":"open","ping_status":"closed","sticky":false,"template":"","format":"standard","meta":{"footnotes":""},"categories":[1],"tags":[],"class_list":["post-9626","post","type-post","status-publish","format-standard","hentry","category-general"],"_links":{"self":[{"href":"https:\/\/www.biblia.work\/noticias\/wp-json\/wp\/v2\/posts\/9626","targetHints":{"allow":["GET"]}}],"collection":[{"href":"https:\/\/www.biblia.work\/noticias\/wp-json\/wp\/v2\/posts"}],"about":[{"href":"https:\/\/www.biblia.work\/noticias\/wp-json\/wp\/v2\/types\/post"}],"author":[{"embeddable":true,"href":"https:\/\/www.biblia.work\/noticias\/wp-json\/wp\/v2\/users\/1"}],"replies":[{"embeddable":true,"href":"https:\/\/www.biblia.work\/noticias\/wp-json\/wp\/v2\/comments?post=9626"}],"version-history":[{"count":0,"href":"https:\/\/www.biblia.work\/noticias\/wp-json\/wp\/v2\/posts\/9626\/revisions"}],"wp:attachment":[{"href":"https:\/\/www.biblia.work\/noticias\/wp-json\/wp\/v2\/media?parent=9626"}],"wp:term":[{"taxonomy":"category","embeddable":true,"href":"https:\/\/www.biblia.work\/noticias\/wp-json\/wp\/v2\/categories?post=9626"},{"taxonomy":"post_tag","embeddable":true,"href":"https:\/\/www.biblia.work\/noticias\/wp-json\/wp\/v2\/tags?post=9626"}],"curies":[{"name":"wp","href":"https:\/\/api.w.org\/{rel}","templated":true}]}}