{"id":9627,"date":"2016-12-05T12:15:02","date_gmt":"2016-12-05T17:15:02","guid":{"rendered":"http:\/\/www.biblia.work\/noticias\/nicaragua-obispos-se-reunen-con-el-secretario-general-de-la-oea\/"},"modified":"2016-12-05T12:15:02","modified_gmt":"2016-12-05T17:15:02","slug":"nicaragua-obispos-se-reunen-con-el-secretario-general-de-la-oea","status":"publish","type":"post","link":"https:\/\/www.biblia.work\/noticias\/nicaragua-obispos-se-reunen-con-el-secretario-general-de-la-oea\/","title":{"rendered":"Nicaragua: obispos se re\u00fanen con el secretario general de la OEA"},"content":{"rendered":"<p style=\"text-align: justify\">(ZENIT &#8211; Roma).- Los obispos de la Conferencia Episcopal de Nicaragua se reunieron el pasado viernes 2 de diciembre con el Secretario General de la OEA, Luis Almagro, a quien expusieron la preocupaci\u00f3n de la Iglesia sobre la realidad socio-pol\u00edtica, as\u00ed como los acontecimientos recientes que se registraron en el pa\u00eds.<\/p>\n<p style=\"text-align: justify\">Seg\u00fan los medios locales conversaron \u201csobre temas que el presidente Daniel Ortega ha evitado en los \u00faltimos dos a\u00f1os, como son la transparencia en las elecciones y el respeto a los derechos humanos\u201d.<\/p>\n<p style=\"text-align: justify\">Por su parte los obispos en la web de la Conferencia Episcopal, indicaron que el encuentro se desarroll\u00f3 en un ambiente de apertura y calidez en la b\u00fasqueda del bien com\u00fan y la paz.<\/p>\n<p style=\"text-align: justify\">En representaci\u00f3n de la Iglesia de Nicaragua participaron el cardenal Leopoldo Brenes, arzobispo de la Arquidi\u00f3cesis; Mons. Silvio Baez, obispo auxuliar de la Arquidi\u00f3cesis de Manaua, Mons. Pablo Schmitz Simon, OFM. obispo del vicariato apost\u00f3lico de Bluefields y Mons. Rene Sandigo, obispo de la Di\u00f3cesis de Juigalpa.<\/p>\n<p style=\"text-align: justify\">Los se\u00f1ores obispos dejaron claro su deseo de apoyar y aportar al pueblo nicarag\u00fcense su acompa\u00f1amiento en toda acci\u00f3n que se encamine a trabajar por la democracia, la paz y un verdadero dialogo.<\/p>\n<p style=\"text-align: justify\">&#8220;Quisimos expresarle lo que ya con el se\u00f1or presidente hab\u00edamos dialogado en 2014, de las cuales hay algunas cosas que siguen vigentes y otras que se han aumentado&#8221;, dijo el presidente de la CEN, el cardenal Leopoldo Brenes, a los periodistas despu\u00e9s del encuentro.<\/p>\n<p><span class=\"et_bloom_bottom_trigger\"><\/span><\/p>\n<p><a href=\"https:\/\/es.zenit.org\/\" target=\"_blank\" rel=\"nofollow\">Fuente: es.zenit.org<\/a><\/p>\n","protected":false},"excerpt":{"rendered":"<p>(ZENIT &#8211; Roma).- Los obispos de la Conferencia Episcopal de Nicaragua se reunieron el pasado viernes 2 de diciembre con el Secretario General de la OEA, Luis Almagro, a quien expusieron la preocupaci\u00f3n de la Iglesia sobre la realidad socio-pol\u00edtica, as\u00ed como los acontecimientos recientes que se registraron en el pa\u00eds. Seg\u00fan los medios locales &hellip; <a href=\"https:\/\/www.biblia.work\/noticias\/nicaragua-obispos-se-reunen-con-el-secretario-general-de-la-oea\/\" class=\"more-link\">Continuar leyendo<span class=\"screen-reader-text\"> \u00abNicaragua: obispos se re\u00fanen con el secretario general de la OEA\u00bb<\/span><\/a><\/p>\n","protected":false},"author":1,"featured_media":0,"comment_status":"open","ping_status":"closed","sticky":false,"template":"","format":"standard","meta":{"footnotes":""},"categories":[1],"tags":[],"class_list":["post-9627","post","type-post","status-publish","format-standard","hentry","category-general"],"_links":{"self":[{"href":"https:\/\/www.biblia.work\/noticias\/wp-json\/wp\/v2\/posts\/9627","targetHints":{"allow":["GET"]}}],"collection":[{"href":"https:\/\/www.biblia.work\/noticias\/wp-json\/wp\/v2\/posts"}],"about":[{"href":"https:\/\/www.biblia.work\/noticias\/wp-json\/wp\/v2\/types\/post"}],"author":[{"embeddable":true,"href":"https:\/\/www.biblia.work\/noticias\/wp-json\/wp\/v2\/users\/1"}],"replies":[{"embeddable":true,"href":"https:\/\/www.biblia.work\/noticias\/wp-json\/wp\/v2\/comments?post=9627"}],"version-history":[{"count":0,"href":"https:\/\/www.biblia.work\/noticias\/wp-json\/wp\/v2\/posts\/9627\/revisions"}],"wp:attachment":[{"href":"https:\/\/www.biblia.work\/noticias\/wp-json\/wp\/v2\/media?parent=9627"}],"wp:term":[{"taxonomy":"category","embeddable":true,"href":"https:\/\/www.biblia.work\/noticias\/wp-json\/wp\/v2\/categories?post=9627"},{"taxonomy":"post_tag","embeddable":true,"href":"https:\/\/www.biblia.work\/noticias\/wp-json\/wp\/v2\/tags?post=9627"}],"curies":[{"name":"wp","href":"https:\/\/api.w.org\/{rel}","templated":true}]}}