{"id":9628,"date":"2016-12-05T13:05:02","date_gmt":"2016-12-05T18:05:02","guid":{"rendered":"http:\/\/www.biblia.work\/noticias\/luis-palau-se-reune-con-horacio-cartes-presidente-de-paraguay\/"},"modified":"2016-12-05T13:05:02","modified_gmt":"2016-12-05T18:05:02","slug":"luis-palau-se-reune-con-horacio-cartes-presidente-de-paraguay","status":"publish","type":"post","link":"https:\/\/www.biblia.work\/noticias\/luis-palau-se-reune-con-horacio-cartes-presidente-de-paraguay\/","title":{"rendered":"Luis Palau se re\u00fane con Horacio Cartes, presidente de Paraguay"},"content":{"rendered":"<p style=\"text-align: justify\">Durante su visita en Paraguay, el evangelista Luis Palau mantuvo una reuni\u00f3n con el presidente paraguayo, Horacio Cartes. <\/p>\n<p style=\"text-align: justify\">La visita tuvo una duraci\u00f3n de 60 minutos aproximadamente, y en cuya ocasi\u00f3n se tocaron temas relevantes sobre el Paraguay. <\/p>\n<p style=\"text-align: justify\"> <strong>\u00bfQu\u00e9 opinas de esta noticia? Ve a <a href=\"http:\/\/www.Facebook.com\/mundocristiano\">www.Facebook.com\/mundocristiano<\/a> y comenta.<\/strong> <\/p>\n<p style=\"text-align: justify\">Cartes valor\u00f3 la llegada del Dr. Palau a la regi\u00f3n del Chaco Paraguayo y destac\u00f3 el desarrollo de las colonias menonitas en la zona. <\/p>\n<p style=\"text-align: justify\">Adem\u00e1s, hablaron sobre el crecimiento espiritual de Paraguay, resaltando que \u201ces un pa\u00eds creyente y gentil, con una tierra f\u00e9rtil y pueblo hospitalario\u201d, expres\u00f3 el mandatario.  <\/p>\n<p style=\"text-align: justify\">Mientras que el Palau resalt\u00f3 que cuando una naci\u00f3n aplica los principios b\u00edblicos cristianos, el pa\u00eds alcanza el progreso y la prosperidad. Al finalizar la reuni\u00f3n, el evangelista or\u00f3 por el presidente, por su hijo Juan Pablo quien en todo momento acompa\u00f1\u00f3 la conversaci\u00f3n, y por el Paraguay. <\/p>\n<p style=\"text-align: justify\">Palau desarroll\u00f3 una cruzada evangel\u00edstica en Chaco, donde fue recibido por miles de personas. <\/p>\n<p style=\"text-align: justify\"><em>Fuente: <strong>www.MundoCristiano.tv <\/strong><\/em><\/p>\n","protected":false},"excerpt":{"rendered":"<p>Durante su visita en Paraguay, el evangelista Luis Palau mantuvo una reuni\u00f3n con el presidente paraguayo, Horacio Cartes. La visita tuvo una duraci\u00f3n de 60 minutos aproximadamente, y en cuya ocasi\u00f3n se tocaron temas relevantes sobre el Paraguay. \u00bfQu\u00e9 opinas de esta noticia? Ve a www.Facebook.com\/mundocristiano y comenta. Cartes valor\u00f3 la llegada del Dr. Palau &hellip; <a href=\"https:\/\/www.biblia.work\/noticias\/luis-palau-se-reune-con-horacio-cartes-presidente-de-paraguay\/\" class=\"more-link\">Continuar leyendo<span class=\"screen-reader-text\"> \u00abLuis Palau se re\u00fane con Horacio Cartes, presidente de Paraguay\u00bb<\/span><\/a><\/p>\n","protected":false},"author":1,"featured_media":0,"comment_status":"open","ping_status":"closed","sticky":false,"template":"","format":"standard","meta":{"footnotes":""},"categories":[1],"tags":[],"class_list":["post-9628","post","type-post","status-publish","format-standard","hentry","category-general"],"_links":{"self":[{"href":"https:\/\/www.biblia.work\/noticias\/wp-json\/wp\/v2\/posts\/9628","targetHints":{"allow":["GET"]}}],"collection":[{"href":"https:\/\/www.biblia.work\/noticias\/wp-json\/wp\/v2\/posts"}],"about":[{"href":"https:\/\/www.biblia.work\/noticias\/wp-json\/wp\/v2\/types\/post"}],"author":[{"embeddable":true,"href":"https:\/\/www.biblia.work\/noticias\/wp-json\/wp\/v2\/users\/1"}],"replies":[{"embeddable":true,"href":"https:\/\/www.biblia.work\/noticias\/wp-json\/wp\/v2\/comments?post=9628"}],"version-history":[{"count":0,"href":"https:\/\/www.biblia.work\/noticias\/wp-json\/wp\/v2\/posts\/9628\/revisions"}],"wp:attachment":[{"href":"https:\/\/www.biblia.work\/noticias\/wp-json\/wp\/v2\/media?parent=9628"}],"wp:term":[{"taxonomy":"category","embeddable":true,"href":"https:\/\/www.biblia.work\/noticias\/wp-json\/wp\/v2\/categories?post=9628"},{"taxonomy":"post_tag","embeddable":true,"href":"https:\/\/www.biblia.work\/noticias\/wp-json\/wp\/v2\/tags?post=9628"}],"curies":[{"name":"wp","href":"https:\/\/api.w.org\/{rel}","templated":true}]}}