{"id":9629,"date":"2016-12-05T13:05:02","date_gmt":"2016-12-05T18:05:02","guid":{"rendered":"http:\/\/www.biblia.work\/noticias\/israelies-ven-a-trump-como-pro-israel\/"},"modified":"2016-12-05T13:05:02","modified_gmt":"2016-12-05T18:05:02","slug":"israelies-ven-a-trump-como-pro-israel","status":"publish","type":"post","link":"https:\/\/www.biblia.work\/noticias\/israelies-ven-a-trump-como-pro-israel\/","title":{"rendered":"Israel\u00edes ven a Trump como pro-Israel"},"content":{"rendered":"<p style=\"text-align: justify\">Un 83% de encuestados israel\u00edes creen que el presidente electo Donald Trump ser\u00e1 amigo del estado jud\u00edo. <\/p>\n<p style=\"text-align: justify\">La encuesta, realizada por Dialog y patrocinada por la Fundaci\u00f3n de la Familia Ruderman, encuest\u00f3 a 500 israel\u00edes sobre su impresi\u00f3n de c\u00f3mo las elecciones presidenciales afectar\u00e1n a Israel y a la comunidad jud\u00eda estadounidense. <\/p>\n<p style=\"text-align: justify\"> <strong>\u00bfQu\u00e9 opinas de esta noticia? Ve a <a href=\"http:\/\/www.Facebook.com\/mundocristiano\">www.Facebook.com\/mundocristiano<\/a> y comenta.<\/strong> <\/p>\n<p style=\"text-align: justify\">Menos de la mitad de los encuestados (42 por ciento) cree que Trump lanzar\u00e1 el pol\u00e9mico acuerdo nuclear iran\u00ed, mientras que s\u00f3lo el 3 por ciento piensa que cumplir\u00e1 su promesa de campa\u00f1a para trasladar la embajada estadounidense a Jerusal\u00e9n desde Tel Aviv. <\/p>\n<p style=\"text-align: justify\">Casi la mitad de los encuestados dijeron estar preocupados por el aumento de incidentes antisemitas en Estados Unidos desde la elecci\u00f3n de Trump. <\/p>\n<p style=\"text-align: justify\">Jay Ruderman, presidente de la fundaci\u00f3n, se\u00f1al\u00f3 que mientras la encuesta muestra que los israel\u00edes est\u00e1n optimistas sobre la llegada del gobierno de Trump, los jud\u00edos estadounidenses siguen preocupados por el creciente antisemitismo y su impacto en sus vidas.\n<\/p>\n<p style=\"text-align: justify\">\u00abLos israel\u00edes tienen fe en una fuerte relaci\u00f3n entre Estados Unidos e Israel, pero est\u00e1n preocupados por la nueva realidad de sus hermanos jud\u00edos en Estados Unidos\u00bb, dijo Ruderman.\n<\/p>\n<p style=\"text-align: justify\">El lunes la junta pol\u00edtica del Knesset para las relaciones entre Estados Unidos e Israel, co-patrocinados por la Fundaci\u00f3n de la Familia Ruderman, discutieron las perspectivas de la comunidad jud\u00eda-americana bajo la nueva administraci\u00f3n.\n<\/p>\n<p style=\"text-align: justify\">En noticias relacionadas, el primer ministro israel\u00ed, Benjamin Netanyahu, dijo a los participantes del Foro Saban anual del Instituto Brookings que planea trabajar en una estrecha colaboraci\u00f3n con el presidente electo Trump para frenar el agresivo programa de armas nucleares de Ir\u00e1n, el cual cree que el acuerdo liderado por Estados Unidos se fortaleci\u00f3. Netanyahu se dirigi\u00f3 al foro por videoconferencia.\n<\/p>\n<p style=\"text-align: justify\">Desde que el acuerdo se firm\u00f3 el verano pasado, Ir\u00e1n se ha vuelto a\u00fan m\u00e1s agresivo, dijo el mandatario, y su \u00abmarcha a la bomba\u00bb debe ser detenida.\n<\/p>\n<p style=\"text-align: justify\">Netanyahu calific\u00f3 el acuerdo nuclear liderado por Estados Unidos de \u00abun mal trato\u00bb y dijo que est\u00e1 allanando el camino para que Ir\u00e1n ampl\u00ede su apoyo a los grupos terroristas en todo el mundo a medida que avanza en su b\u00fasqueda de desarrollar armas nucleares.\n<\/p>\n<p style=\"text-align: justify\"><em>Fuente: <strong>www.MundoCristiano.tv <\/strong><\/em><\/p>\n","protected":false},"excerpt":{"rendered":"<p>Un 83% de encuestados israel\u00edes creen que el presidente electo Donald Trump ser\u00e1 amigo del estado jud\u00edo. La encuesta, realizada por Dialog y patrocinada por la Fundaci\u00f3n de la Familia Ruderman, encuest\u00f3 a 500 israel\u00edes sobre su impresi\u00f3n de c\u00f3mo las elecciones presidenciales afectar\u00e1n a Israel y a la comunidad jud\u00eda estadounidense. \u00bfQu\u00e9 opinas de &hellip; <a href=\"https:\/\/www.biblia.work\/noticias\/israelies-ven-a-trump-como-pro-israel\/\" class=\"more-link\">Continuar leyendo<span class=\"screen-reader-text\"> \u00abIsrael\u00edes ven a Trump como pro-Israel\u00bb<\/span><\/a><\/p>\n","protected":false},"author":1,"featured_media":0,"comment_status":"open","ping_status":"closed","sticky":false,"template":"","format":"standard","meta":{"footnotes":""},"categories":[1],"tags":[],"class_list":["post-9629","post","type-post","status-publish","format-standard","hentry","category-general"],"_links":{"self":[{"href":"https:\/\/www.biblia.work\/noticias\/wp-json\/wp\/v2\/posts\/9629","targetHints":{"allow":["GET"]}}],"collection":[{"href":"https:\/\/www.biblia.work\/noticias\/wp-json\/wp\/v2\/posts"}],"about":[{"href":"https:\/\/www.biblia.work\/noticias\/wp-json\/wp\/v2\/types\/post"}],"author":[{"embeddable":true,"href":"https:\/\/www.biblia.work\/noticias\/wp-json\/wp\/v2\/users\/1"}],"replies":[{"embeddable":true,"href":"https:\/\/www.biblia.work\/noticias\/wp-json\/wp\/v2\/comments?post=9629"}],"version-history":[{"count":0,"href":"https:\/\/www.biblia.work\/noticias\/wp-json\/wp\/v2\/posts\/9629\/revisions"}],"wp:attachment":[{"href":"https:\/\/www.biblia.work\/noticias\/wp-json\/wp\/v2\/media?parent=9629"}],"wp:term":[{"taxonomy":"category","embeddable":true,"href":"https:\/\/www.biblia.work\/noticias\/wp-json\/wp\/v2\/categories?post=9629"},{"taxonomy":"post_tag","embeddable":true,"href":"https:\/\/www.biblia.work\/noticias\/wp-json\/wp\/v2\/tags?post=9629"}],"curies":[{"name":"wp","href":"https:\/\/api.w.org\/{rel}","templated":true}]}}