{"id":9631,"date":"2016-12-05T13:15:02","date_gmt":"2016-12-05T18:15:02","guid":{"rendered":"http:\/\/www.biblia.work\/noticias\/desde-fatima-invitan-a-una-navidad-sin-consumismo\/"},"modified":"2016-12-05T13:15:02","modified_gmt":"2016-12-05T18:15:02","slug":"desde-fatima-invitan-a-una-navidad-sin-consumismo","status":"publish","type":"post","link":"https:\/\/www.biblia.work\/noticias\/desde-fatima-invitan-a-una-navidad-sin-consumismo\/","title":{"rendered":"Desde F\u00e1tima invitan a una Navidad sin consumismo"},"content":{"rendered":"<p style=\"text-align: justify\">(ZENIT \u2013 Roma).- Desde el santuario de F\u00e1tima llega un pedido: una Navidad lejos de las campa\u00f1as comerciales porque este evento exige \u201cuna conversi\u00f3n interior\u201d que valorice la acogida\u201d \u00a0 de manera que &#8220;la esperanza tenga\u00a0un rostro&#8221;.<\/p>\n<p style=\"text-align: justify\">Lo pidi\u00f3 el vicerrector del santuario de F\u00e1tima, Vitor Coutinho, en la homil\u00eda que pronunci\u00f3 ayer domingo en la bas\u00edlica de la Sant\u00edsima Trinidad.<\/p>\n<p style=\"text-align: justify\">&#8220;La gran novedad de nuestra esperanza cristiana es que tiene un rostro&#8221; dijo, haciendo hincapi\u00e9 en que &#8220;los hombres y mujeres bautizados somos personas que tenemos la esperanza de vivir una vida llena de sentido, sabiendo que la plenitud de la vida est\u00e1 ante nosotros y no detr\u00e1s&#8221;.<\/p>\n<p style=\"text-align: justify\">Padre. Vitor Coutinho destac\u00f3 que con el nacimiento de Jes\u00fas en Bel\u00e9n es el mismo Dios que habita entre nosotros para proponemos una verdadera conversi\u00f3n, que significa &#8220;un cambio de actitud, de vida sin negociaciones o condiciones previas&#8221;.\u00a0Y m\u00e1s all\u00e1 de la alegr\u00eda exterior que este evento produce es necesario &#8220;cambiar el coraz\u00f3n para aceptar a este Dios.\u00a0Invit\u00f3 as\u00ed a los peregrinos a &#8220;convertirnos todos los d\u00edas, a partir de esta celebraci\u00f3n&#8221;.<\/p>\n<p style=\"text-align: justify\">&#8220;Vivimos en una \u00e9poca en que las sociedades de nuestro mundo no logran garantizarnos un futuro esperanzador; no sabemos c\u00f3mo desarrollar una econom\u00eda que satisfaga las necesidades de todos&#8221;, dijo y destac\u00f3\u00a0\u201clas amenazas a la paz&#8221; y &#8220;la degradaci\u00f3n de los recursos naturales&#8221; que parecen no tener fin.<\/p>\n<p style=\"text-align: justify\">Y \u201cmientras que las sociedades humanas nos proponen sue\u00f1os, la palabra de Dios nos ofrece ideales y la fe nos da perspectivas de vida; cuando las ideolog\u00edas proponen utop\u00edas; y Dios nos ofrece metas que nos inspiran&#8221;, dijo.<\/p>\n<p style=\"text-align: justify\">&#8220;Esta es la gran diferencia; Por eso la esperanza cristiana &#8211;concluy\u00f3&#8211; es diferente de la esperanza mundana y en esta ocasi\u00f3n en que vivimos, marcado por la falta de esperanza tambi\u00e9n tenemos que vivir m\u00e1s este tiempo de Adviento tales&#8221;.<\/p>\n<p><span class=\"et_bloom_bottom_trigger\"><\/span><\/p>\n<p><a href=\"https:\/\/es.zenit.org\/\" target=\"_blank\" rel=\"nofollow\">Fuente: es.zenit.org<\/a><\/p>\n","protected":false},"excerpt":{"rendered":"<p>(ZENIT \u2013 Roma).- Desde el santuario de F\u00e1tima llega un pedido: una Navidad lejos de las campa\u00f1as comerciales porque este evento exige \u201cuna conversi\u00f3n interior\u201d que valorice la acogida\u201d \u00a0 de manera que &#8220;la esperanza tenga\u00a0un rostro&#8221;. Lo pidi\u00f3 el vicerrector del santuario de F\u00e1tima, Vitor Coutinho, en la homil\u00eda que pronunci\u00f3 ayer domingo en &hellip; <a href=\"https:\/\/www.biblia.work\/noticias\/desde-fatima-invitan-a-una-navidad-sin-consumismo\/\" class=\"more-link\">Continuar leyendo<span class=\"screen-reader-text\"> \u00abDesde F\u00e1tima invitan a una Navidad sin consumismo\u00bb<\/span><\/a><\/p>\n","protected":false},"author":1,"featured_media":0,"comment_status":"open","ping_status":"closed","sticky":false,"template":"","format":"standard","meta":{"footnotes":""},"categories":[1],"tags":[],"class_list":["post-9631","post","type-post","status-publish","format-standard","hentry","category-general"],"_links":{"self":[{"href":"https:\/\/www.biblia.work\/noticias\/wp-json\/wp\/v2\/posts\/9631","targetHints":{"allow":["GET"]}}],"collection":[{"href":"https:\/\/www.biblia.work\/noticias\/wp-json\/wp\/v2\/posts"}],"about":[{"href":"https:\/\/www.biblia.work\/noticias\/wp-json\/wp\/v2\/types\/post"}],"author":[{"embeddable":true,"href":"https:\/\/www.biblia.work\/noticias\/wp-json\/wp\/v2\/users\/1"}],"replies":[{"embeddable":true,"href":"https:\/\/www.biblia.work\/noticias\/wp-json\/wp\/v2\/comments?post=9631"}],"version-history":[{"count":0,"href":"https:\/\/www.biblia.work\/noticias\/wp-json\/wp\/v2\/posts\/9631\/revisions"}],"wp:attachment":[{"href":"https:\/\/www.biblia.work\/noticias\/wp-json\/wp\/v2\/media?parent=9631"}],"wp:term":[{"taxonomy":"category","embeddable":true,"href":"https:\/\/www.biblia.work\/noticias\/wp-json\/wp\/v2\/categories?post=9631"},{"taxonomy":"post_tag","embeddable":true,"href":"https:\/\/www.biblia.work\/noticias\/wp-json\/wp\/v2\/tags?post=9631"}],"curies":[{"name":"wp","href":"https:\/\/api.w.org\/{rel}","templated":true}]}}