{"id":9632,"date":"2016-12-05T13:15:02","date_gmt":"2016-12-05T18:15:02","guid":{"rendered":"http:\/\/www.biblia.work\/noticias\/obispos-de-colombia-lamentan-exclusion-de-su-representante-en-las-politicas-de-educacion\/"},"modified":"2016-12-05T13:15:02","modified_gmt":"2016-12-05T18:15:02","slug":"obispos-de-colombia-lamentan-exclusion-de-su-representante-en-las-politicas-de-educacion","status":"publish","type":"post","link":"https:\/\/www.biblia.work\/noticias\/obispos-de-colombia-lamentan-exclusion-de-su-representante-en-las-politicas-de-educacion\/","title":{"rendered":"Obispos de Colombia lamentan exclusi\u00f3n de su representante en las pol\u00edticas de educaci\u00f3n"},"content":{"rendered":"<p style=\"text-align: justify\">(ZENIT &#8211; Roma).- El presidente de la Conferencia Episcopal de Colombia \u00a0(CEC), monse\u00f1or Luis Augusto Castro Quiroga, a trav\u00e9s de un comunicado de prensa ha lamentado\u00a0el pasado viernes la exclusi\u00f3n de un representante de los obispos en el\u00a0Consejo Directivo Nacional del Servicio Nacional de Aprendisaje (SENA), despu\u00e9s de la\u00a0decisi\u00f3n de la Corte Constitucional de declarar inexequible un aparte de la ley 119 de 1994.<\/p>\n<p style=\"text-align: justify\">Se\u00f1ala que\u00a0con dicha sentencia se est\u00e1 desconociendo la historia de\u00a0la Iglesia que ha estado desde los inicios del SENA \u00a0impulsando y creando modelos educativos a partir de la experiencia de comunidades religiosas como lo han sido los jesuitas y salesianos.<\/p>\n<p style=\"text-align: justify\">\u201cPor casi 60 a\u00f1os la Iglesia cat\u00f3lica ha contribuido a la consecuci\u00f3n de los objetivos del SENA, con el \u00fanico deseo de aportar al crecimiento integral de sus estudiantes, a partir del prop\u00f3sito fundacional de formar profesionales para el desarrollo social, econ\u00f3mico y tecnol\u00f3gico del pa\u00eds\u201d.<\/p>\n<p style=\"text-align: justify\">As\u00ed mismo contin\u00faa el mensaje \u201cla Corte Constitucional olvida que la laicidad del Estado no impide permitir la contribuci\u00f3n de las confesiones religiosas al dise\u00f1o de pol\u00edticas sociales y al desarrollo de iniciativas para el bien de todos\u201d.<\/p>\n<p style=\"text-align: justify\"><span style=\"color: #3366ff\"><a style=\"color: #3366ff\" href=\"https:\/\/www.cec.org.co\/sites\/default\/files\/2016%20Participaci%C3%B3n%20de%20la%20Iglesia%20en%20el%20SENA.pdf\">Leer el comunicado completo<\/a><\/span><\/p>\n<p><span class=\"et_bloom_bottom_trigger\"><\/span><\/p>\n<p><a href=\"https:\/\/es.zenit.org\/\" target=\"_blank\" rel=\"nofollow\">Fuente: es.zenit.org<\/a><\/p>\n","protected":false},"excerpt":{"rendered":"<p>(ZENIT &#8211; Roma).- El presidente de la Conferencia Episcopal de Colombia \u00a0(CEC), monse\u00f1or Luis Augusto Castro Quiroga, a trav\u00e9s de un comunicado de prensa ha lamentado\u00a0el pasado viernes la exclusi\u00f3n de un representante de los obispos en el\u00a0Consejo Directivo Nacional del Servicio Nacional de Aprendisaje (SENA), despu\u00e9s de la\u00a0decisi\u00f3n de la Corte Constitucional de declarar &hellip; <a href=\"https:\/\/www.biblia.work\/noticias\/obispos-de-colombia-lamentan-exclusion-de-su-representante-en-las-politicas-de-educacion\/\" class=\"more-link\">Continuar leyendo<span class=\"screen-reader-text\"> \u00abObispos de Colombia lamentan exclusi\u00f3n de su representante en las pol\u00edticas de educaci\u00f3n\u00bb<\/span><\/a><\/p>\n","protected":false},"author":1,"featured_media":0,"comment_status":"open","ping_status":"closed","sticky":false,"template":"","format":"standard","meta":{"footnotes":""},"categories":[1],"tags":[],"class_list":["post-9632","post","type-post","status-publish","format-standard","hentry","category-general"],"_links":{"self":[{"href":"https:\/\/www.biblia.work\/noticias\/wp-json\/wp\/v2\/posts\/9632","targetHints":{"allow":["GET"]}}],"collection":[{"href":"https:\/\/www.biblia.work\/noticias\/wp-json\/wp\/v2\/posts"}],"about":[{"href":"https:\/\/www.biblia.work\/noticias\/wp-json\/wp\/v2\/types\/post"}],"author":[{"embeddable":true,"href":"https:\/\/www.biblia.work\/noticias\/wp-json\/wp\/v2\/users\/1"}],"replies":[{"embeddable":true,"href":"https:\/\/www.biblia.work\/noticias\/wp-json\/wp\/v2\/comments?post=9632"}],"version-history":[{"count":0,"href":"https:\/\/www.biblia.work\/noticias\/wp-json\/wp\/v2\/posts\/9632\/revisions"}],"wp:attachment":[{"href":"https:\/\/www.biblia.work\/noticias\/wp-json\/wp\/v2\/media?parent=9632"}],"wp:term":[{"taxonomy":"category","embeddable":true,"href":"https:\/\/www.biblia.work\/noticias\/wp-json\/wp\/v2\/categories?post=9632"},{"taxonomy":"post_tag","embeddable":true,"href":"https:\/\/www.biblia.work\/noticias\/wp-json\/wp\/v2\/tags?post=9632"}],"curies":[{"name":"wp","href":"https:\/\/api.w.org\/{rel}","templated":true}]}}