{"id":9638,"date":"2016-12-05T15:10:03","date_gmt":"2016-12-05T20:10:03","guid":{"rendered":"http:\/\/www.biblia.work\/noticias\/holanda-y-eslovaquia-promueven-medidas-para-frenar-islam\/"},"modified":"2016-12-05T15:10:03","modified_gmt":"2016-12-05T20:10:03","slug":"holanda-y-eslovaquia-promueven-medidas-para-frenar-islam","status":"publish","type":"post","link":"https:\/\/www.biblia.work\/noticias\/holanda-y-eslovaquia-promueven-medidas-para-frenar-islam\/","title":{"rendered":"Holanda y Eslovaquia promueven medidas para frenar islam"},"content":{"rendered":"<p style=\"text-align: justify\">HOLANDA. &#8211; Holanda ha dado el primer paso para prohibir el uso del velo integral en p\u00fablico al aprobar el pasado martes un proyecto de ley para impedir la cobertura total de la cara en espacios comunes, tales como escuelas, hospitales, autobuses o sedes gubernamentales.<\/p>\n<p style=\"text-align: justify\">El Gobierno liberal de Mark Rutte es el que ha llevado la propuesta, que ha sido aprobada y debe conseguir ahora el respaldo del Senado. Seg\u00fan el Gobierno la medida no ataca el derecho a que cada persona \u201cvista como quiera\u201d, sino que esta libertad se ve limitada \u201ccuando se debe garantizar la seguridad\u201d.<\/p>\n<p style=\"text-align: justify\">Se calcula que en Holanda son 400 las mujeres que utilizan el hiyab o el burka de forma habitual, y otras 500 que lo hace de manera ocasional. En caso de desobedecer la ley, el infractor podr\u00eda ser multado con hasta 400 euros.<\/p>\n<p style=\"text-align: justify\">Otros pa\u00edses en Europa han tomado anteriormente medidas similares. Francia y B\u00e9lgica prohibieron el uso del burka en espacios p\u00fablicos, medida que fue refrendada por el Tribunal Europeo de Derechos Humanos.<\/p>\n<p style=\"text-align: justify\">El Parlamento de Eslovaquia ha aprobado un proyecto de ley propuesto por el Partido Nacional Eslovaco (SNS), miembro menor de la coalici\u00f3n de Fico, por la que es necesario que una religi\u00f3n tenga al menos 50.000 miembros, frente a los 20.000 de la actualidad, para recibir subsidios del estado y abrir sus propios colegios.<\/p>\n<p style=\"text-align: justify\">La medida, aplicable a todas las religiones, est\u00e1 estrat\u00e9gicamente dirigida a impedir la oficialidad del islam en Eslovaquia, donde se estima que hay unos 2.000 fieles. El SNS ha se\u00f1alado que la ley pretende evitar registros especulativos de iglesias, como la sat\u00edrica Iglesia del Monstruo del Espagueti Volador, que ha reunido a numerosos seguidores en todo el mundo. \u201cLa islamizaci\u00f3n comienza con un kebab y ya est\u00e1 en marcha en Bratislava. Debemos darnos cuenta de lo que nos enfrentaremos en cinco o diez a\u00f1os. Hay que hacer todo lo posible para que no se construya ninguna mezquita en el futuro\u201d, ha asegurado el presidente del SNS, Andrej Danko.<\/p>\n<p style=\"text-align: justify\">La ley ha sido aprobada por una mayor\u00eda de dos tercios en el Parlamento, que comprende tanto partidos gobernantes como de la oposici\u00f3n. Los legisladores han rechazado la propuesta por parte del ultraderechista Partido Popular Nuestra Eslovaquia (LSNS) de elevar el n\u00famero de miembros de cada religi\u00f3n a 250.000.<\/p>\n<p style=\"text-align: justify\">Fuente: Mundo Cristiano, ABC, El Confidencial y Protestante Digital<\/p>\n<p style=\"text-align: justify\">La entrada <a rel=\"nofollow\" href=\"http:\/\/www.noticiacristiana.com\/sociedad\/2016\/12\/holanda-eslovaquia-medidas-frenar-islam.html\">Holanda y Eslovaquia promueven medidas para frenar islam<\/a> aparece primero en <a rel=\"nofollow\" href=\"http:\/\/www.noticiacristiana.com\">NoticiaCristiana.com<\/a>.<\/p>\n","protected":false},"excerpt":{"rendered":"<p>HOLANDA. &#8211; Holanda ha dado el primer paso para prohibir el uso del velo integral en p\u00fablico al aprobar el pasado martes un proyecto de ley para impedir la cobertura total de la cara en espacios comunes, tales como escuelas, hospitales, autobuses o sedes gubernamentales. El Gobierno liberal de Mark Rutte es el que ha &hellip; <a href=\"https:\/\/www.biblia.work\/noticias\/holanda-y-eslovaquia-promueven-medidas-para-frenar-islam\/\" class=\"more-link\">Continuar leyendo<span class=\"screen-reader-text\"> \u00abHolanda y Eslovaquia promueven medidas para frenar islam\u00bb<\/span><\/a><\/p>\n","protected":false},"author":1,"featured_media":0,"comment_status":"open","ping_status":"closed","sticky":false,"template":"","format":"standard","meta":{"footnotes":""},"categories":[1],"tags":[],"class_list":["post-9638","post","type-post","status-publish","format-standard","hentry","category-general"],"_links":{"self":[{"href":"https:\/\/www.biblia.work\/noticias\/wp-json\/wp\/v2\/posts\/9638","targetHints":{"allow":["GET"]}}],"collection":[{"href":"https:\/\/www.biblia.work\/noticias\/wp-json\/wp\/v2\/posts"}],"about":[{"href":"https:\/\/www.biblia.work\/noticias\/wp-json\/wp\/v2\/types\/post"}],"author":[{"embeddable":true,"href":"https:\/\/www.biblia.work\/noticias\/wp-json\/wp\/v2\/users\/1"}],"replies":[{"embeddable":true,"href":"https:\/\/www.biblia.work\/noticias\/wp-json\/wp\/v2\/comments?post=9638"}],"version-history":[{"count":0,"href":"https:\/\/www.biblia.work\/noticias\/wp-json\/wp\/v2\/posts\/9638\/revisions"}],"wp:attachment":[{"href":"https:\/\/www.biblia.work\/noticias\/wp-json\/wp\/v2\/media?parent=9638"}],"wp:term":[{"taxonomy":"category","embeddable":true,"href":"https:\/\/www.biblia.work\/noticias\/wp-json\/wp\/v2\/categories?post=9638"},{"taxonomy":"post_tag","embeddable":true,"href":"https:\/\/www.biblia.work\/noticias\/wp-json\/wp\/v2\/tags?post=9638"}],"curies":[{"name":"wp","href":"https:\/\/api.w.org\/{rel}","templated":true}]}}