{"id":9641,"date":"2016-12-05T16:10:01","date_gmt":"2016-12-05T21:10:01","guid":{"rendered":"http:\/\/www.biblia.work\/noticias\/evangelista-relata-la-noche-que-presento-evangelio-a-fidel-castro\/"},"modified":"2016-12-05T16:10:01","modified_gmt":"2016-12-05T21:10:01","slug":"evangelista-relata-la-noche-que-presento-evangelio-a-fidel-castro","status":"publish","type":"post","link":"https:\/\/www.biblia.work\/noticias\/evangelista-relata-la-noche-que-presento-evangelio-a-fidel-castro\/","title":{"rendered":"Evangelista relata la noche que present\u00f3 evangelio a Fidel Castro"},"content":{"rendered":"<p style=\"text-align: justify\">CUBA. &#8211; El te\u00f3logo evang\u00e9lico Juan Stam relata un encuentro ins\u00f3lito que vivi\u00f3 en primera persona. Ocurri\u00f3 en 2002, en La Habana, entre un grupo de pastores protestantes y Fidel Castro. Ha fallecido el l\u00edder revolucionario cubano este 25 de noviembre, a los 90 a\u00f1os.<\/p>\n<p style=\"text-align: justify\">Fidel Castro era el \u00faltimo superviviente de la Guerra Fr\u00eda y seguramente el actor pol\u00edtico del siglo XX que m\u00e1s titulares acapar\u00f3 a lo largo de sus 47 a\u00f1os de mando absoluto en Cuba.<\/p>\n<p style=\"text-align: justify\">Estren\u00f3 su poder caudillista el 1 de enero de 1959 tras derrocar al r\u00e9gimen de Batista. Ni siquiera en el ocaso de su existencia, despu\u00e9s de que una enfermedad lo apart\u00f3 del Gobierno en 2006, desapareci\u00f3 su influencia en la isla caribe\u00f1a.<\/p>\n<p style=\"text-align: justify\">Con el t\u00edtulo \u201cLa noche que ense\u00f1\u00e9 el Apocalipsis a Fidel Castro\u201d, el te\u00f3logo evang\u00e9lico Juan Stam relata un encuentro ins\u00f3lito que ocurri\u00f3 en 2002, en Cuba, entre un grupo de pastores protestantes y Fidel Castro.<\/p>\n<p style=\"text-align: justify\">Retomamos este art\u00edculo que por su inter\u00e9s les exponemos en su totalidad a continuaci\u00f3n:<\/p>\n<p style=\"text-align: justify\"><strong>\u201cLA NOCHE QUE ENSE\u00d1\u00c9 EL APOCALIPSIS A FIDEL CASTRO\u201d<\/strong><\/p>\n<p style=\"text-align: justify\">Juan Stam<\/p>\n<p style=\"text-align: justify\">Corr\u00eda el mes de octubre del a\u00f1o 2002 y me encontraba en La Habana participando en un encuentro teol\u00f3gico sobre la Reforma Protestante. Una noche, al final de la jornada del d\u00eda, nuestro l\u00edder nos pidi\u00f3 a todos sentarnos porque ten\u00eda un aviso. Fidel Castro nos hab\u00eda invitado para una entrevista esa misma noche, desde las once horas hasta las dos de la madrugada.<\/p>\n<p style=\"text-align: justify\">Entramos en la sala, saludamos a Fidel \u00a0Castro y sacamos fotos. La sala era bastante larga pero muy angosta, y me toc\u00f3 sentarme a un extremo.<\/p>\n<p style=\"text-align: justify\">Al principio Fidel hablaba en voz baja y no pude o\u00edr todo bien. Pero de repente me di cuenta de que Fidel estaba haciendo preguntas sobre el Apocalipsis: &#8220;Ustedes que son pastores&#8221;, nos dijo, &#8220;C\u00f3mo entienden el libro del Apocalipsis&#8221;.<\/p>\n<p style=\"text-align: justify\">Parec\u00eda que lo hab\u00eda estado leyendo. Con mucho respeto nos preguntaba, &#8220;\u00bfQu\u00e9 pasa con los derechos humanos, cuando se mata tanta gente que parece un genocidio? \u00bfY c\u00f3mo explicar ecol\u00f3gicamente la destrucci\u00f3n de los bosques y mares?&#8221; Eran buenas preguntas, pero dif\u00edciles y Fidel esperaba una respuesta.<\/p>\n<p style=\"text-align: justify\">Como algunos del grupo sab\u00edan de mis escritos sobre el Apocalipsis, le dijeron a Fidel, &#8220;Mira, Fidel, ah\u00ed est\u00e1 alguien que te lo puede aclarar&#8221;. Jam\u00e1s hab\u00eda yo esperado tal situaci\u00f3n, pero de repente me encontraba con la pelota entre mis pies, a ver si se podr\u00eda lograr &#8220;un gol del Esp\u00edritu Santo&#8221;, como suele decir nuestro querido amigo, Pablo Richard.<\/p>\n<p style=\"text-align: justify\">Envi\u00e9 una plegaria al Todopoderoso, trat\u00e9 de organizar mis ideas, y comenc\u00e9 a responder a sus preguntas.<\/p>\n<p style=\"text-align: justify\">Como la palabra &#8220;apocalipsis&#8221; tiene tan mala fama, comenc\u00e9 con aclararle a Fidel que esa palabra no significa cat\u00e1strofe, hecatombe o calamidad, sino &#8220;la manifestaci\u00f3n (el significado de &#8220;Apocalipsis&#8221;) de esperanza en Cristo Jes\u00fas&#8221;. Fidel se mostr\u00f3 sorprendido y coment\u00f3, &#8220;Entonces, hay un problema sem\u00e1ntico con ese t\u00e9rmino&#8221;. \u00a1Exacto! Pude ver que ten\u00eda un buen alumno.<\/p>\n<p style=\"text-align: justify\">Despu\u00e9s se\u00f1al\u00e9 que la mayor parte del Apocalipsis son visiones, y las visiones hay que saber interpretarlas. Pueden ser literales y futuras, pero no necesariamente y no siempre. Pero siempre son mensajes de Dios a los imp\u00edos, llam\u00e1ndoles a la conversi\u00f3n. Por eso el libro dice varias veces, despu\u00e9s de unas visiones muy fuertes, &#8220;y sin embargo, no se arrepintieron&#8221;.<\/p>\n<p style=\"text-align: justify\">Muchas visiones, como las de quemar una tercera parte de los bosques, cambiar las aguas en sangre o matar una tercera parte de la humanidad, no son predicciones de cosas que Dios va a hacer en el futuro. Son m\u00e1s bien un llamado a la conciencia.<\/p>\n<p style=\"text-align: justify\">Termin\u00e9 mi respuesta con se\u00f1alar las fuertes cr\u00edticas que Juan de Patmos lanza contra el imperio romano, sobre todo por sus injusticias econ\u00f3micas, su sangriento militarismo y su idolatr\u00eda.<\/p>\n<p style=\"text-align: justify\">Yo hab\u00eda escrito mucho sobre eso, y ahora sent\u00ed que Dios me hab\u00eda estado preparando para dec\u00edrselo a una de las personas m\u00e1s importantes de nuestro tiempo, en esa inesperada oportunidad.<\/p>\n<p style=\"text-align: justify\">Cuando termin\u00e9 la explicaci\u00f3n, Fidel coment\u00f3, &#8220;Usted tiene mucha raz\u00f3n, veo que los jesuitas me ense\u00f1aron mal el Apocalipsis&#8221;. (Eso \u00faltimo en broma, porque \u00e9l hab\u00eda estudiado con los jesuitas).<\/p>\n<p style=\"text-align: justify\">A mediados de la entrevista le hablamos a Fidel de nuestra fe en el Dios de amor, de la vida y de la justicia. Muchos ateos, dijimos, est\u00e1n rechazando a un &#8220;dios&#8221; falso, que no es el Dios verdadero. A eso respondi\u00f3 Fidel, &#8220;Por supuesto, la fe es un asunto personal que tiene que nacer de la conciencia de cada persona. Pero el ate\u00edsmo no debe ser una bandera&#8221;.<\/p>\n<p style=\"text-align: justify\">A eso de las dos de la madrugada, Fidel se disculp\u00f3 porque ten\u00eda otro compromiso, pero dijo que ten\u00eda una \u00faltima pregunta: &#8220;Veo que ustedes son evang\u00e9licos. Expl\u00edquenme que significa eso, quien sabe si soy uno sin darme cuenta&#8221;.<\/p>\n<p style=\"text-align: justify\">Nuestro l\u00edder, Israel Batista, no despreci\u00f3 tan oportuna invitaci\u00f3n. Se mostr\u00f3 al nivel del desaf\u00edo, y expuso el evangelio en t\u00e9rminos que Fidel iba a poder entender bien. Al final de su exposici\u00f3n propuso que nos pusi\u00e9ramos en pie para orar. Fidel tambi\u00e9n se puso de pie, e Israel nos dirigi\u00f3 en oraci\u00f3n.<\/p>\n<p style=\"text-align: justify\">Al salir de la sala, miembros del protocolo de Fidel me pidieron enviar escritos sobre el tema y me aseguraron que Fidel lo leer\u00eda. El d\u00eda siguiente tuvimos la tradicional visita con el director de relaciones religiosas del gobierno, un se\u00f1or Balaguer, y comenz\u00f3 la sesi\u00f3n comentando, &#8220;Me dicen que tuvieron una conversaci\u00f3n muy interesante anoche sobre el Apocalipsis, y yo tambi\u00e9n tengo una pregunta&#8221;. Creo que todo esto es representativo de un gran inter\u00e9s en el Apocalipsis y, en general, en la palabra de Dios.<\/p>\n<p style=\"text-align: justify\">\u00a1Oremos por Cuba, hermanos y hermanas, y por los dem\u00e1s pa\u00edses de nuestro continente en esta coyuntura decisiva!<\/p>\n<p style=\"text-align: justify\">Fuente: \u00a0Protestante Digital<\/p>\n<p style=\"text-align: justify\">La entrada <a rel=\"nofollow\" href=\"http:\/\/www.noticiacristiana.com\/misiones\/evangelismo\/2016\/12\/evangelista-evangelio-fidel-castro.html\">Evangelista relata la noche que present\u00f3 evangelio a Fidel Castro<\/a> aparece primero en <a rel=\"nofollow\" href=\"http:\/\/www.noticiacristiana.com\">NoticiaCristiana.com<\/a>.<\/p>\n","protected":false},"excerpt":{"rendered":"<p>CUBA. &#8211; El te\u00f3logo evang\u00e9lico Juan Stam relata un encuentro ins\u00f3lito que vivi\u00f3 en primera persona. Ocurri\u00f3 en 2002, en La Habana, entre un grupo de pastores protestantes y Fidel Castro. Ha fallecido el l\u00edder revolucionario cubano este 25 de noviembre, a los 90 a\u00f1os. Fidel Castro era el \u00faltimo superviviente de la Guerra Fr\u00eda &hellip; <a href=\"https:\/\/www.biblia.work\/noticias\/evangelista-relata-la-noche-que-presento-evangelio-a-fidel-castro\/\" class=\"more-link\">Continuar leyendo<span class=\"screen-reader-text\"> \u00abEvangelista relata la noche que present\u00f3 evangelio a Fidel Castro\u00bb<\/span><\/a><\/p>\n","protected":false},"author":1,"featured_media":0,"comment_status":"open","ping_status":"closed","sticky":false,"template":"","format":"standard","meta":{"footnotes":""},"categories":[1],"tags":[],"class_list":["post-9641","post","type-post","status-publish","format-standard","hentry","category-general"],"_links":{"self":[{"href":"https:\/\/www.biblia.work\/noticias\/wp-json\/wp\/v2\/posts\/9641","targetHints":{"allow":["GET"]}}],"collection":[{"href":"https:\/\/www.biblia.work\/noticias\/wp-json\/wp\/v2\/posts"}],"about":[{"href":"https:\/\/www.biblia.work\/noticias\/wp-json\/wp\/v2\/types\/post"}],"author":[{"embeddable":true,"href":"https:\/\/www.biblia.work\/noticias\/wp-json\/wp\/v2\/users\/1"}],"replies":[{"embeddable":true,"href":"https:\/\/www.biblia.work\/noticias\/wp-json\/wp\/v2\/comments?post=9641"}],"version-history":[{"count":0,"href":"https:\/\/www.biblia.work\/noticias\/wp-json\/wp\/v2\/posts\/9641\/revisions"}],"wp:attachment":[{"href":"https:\/\/www.biblia.work\/noticias\/wp-json\/wp\/v2\/media?parent=9641"}],"wp:term":[{"taxonomy":"category","embeddable":true,"href":"https:\/\/www.biblia.work\/noticias\/wp-json\/wp\/v2\/categories?post=9641"},{"taxonomy":"post_tag","embeddable":true,"href":"https:\/\/www.biblia.work\/noticias\/wp-json\/wp\/v2\/tags?post=9641"}],"curies":[{"name":"wp","href":"https:\/\/api.w.org\/{rel}","templated":true}]}}