{"id":9642,"date":"2016-12-05T17:05:02","date_gmt":"2016-12-05T22:05:02","guid":{"rendered":"http:\/\/www.biblia.work\/noticias\/miles-celebran-jornada-de-oracion-en-chiapas\/"},"modified":"2016-12-05T17:05:02","modified_gmt":"2016-12-05T22:05:02","slug":"miles-celebran-jornada-de-oracion-en-chiapas","status":"publish","type":"post","link":"https:\/\/www.biblia.work\/noticias\/miles-celebran-jornada-de-oracion-en-chiapas\/","title":{"rendered":"Miles celebran jornada de oraci\u00f3n en Chiapas"},"content":{"rendered":"<p style=\"text-align: justify\">En M\u00e9xico, un grupo de iglesias locales y de otros estados se unieron para celebrar una jornada de oraci\u00f3n por la paz en Chiapas, tras el conflicto armado del Ej\u00e9rcito Zapatista de Liberaci\u00f3n Nacional (EZLN). <\/p>\n<p style=\"text-align: justify\"> <strong>\u00bfQu\u00e9 opinas de esta noticia? Ve a <a href=\"http:\/\/www.Facebook.com\/mundocristiano\">www.Facebook.com\/mundocristiano<\/a> y comenta.<\/strong> <\/p>\n<p style=\"text-align: justify\">Miles de creyentes se reunieron en las afueras del palacio del gobierno estatal, para elevar plegarias por el gobierno estatal, los diputados locales y federales para que \u201cact\u00faen guiados por la justicia\u201d en la b\u00fasqueda del bienestar y el desarrollo social, informa El Universal. <\/p>\n<p style=\"text-align: justify\">Adem\u00e1s, se manifestaron a favor de la familia tradicional. En los carteles y camisetas que portaban los asistentes, se pod\u00eda leer: \u201cHombre y mujer Dios los cre\u00f3, y los bendijo y les dijo: \u2018Fructificaos y multiplicaos\u2019. G\u00e9nesis 1:27-28. Salvemos la familia\u201d. <\/p>\n<p style=\"text-align: justify\">En la concentraci\u00f3n estuvieron presentes evang\u00e9licos de las etnias tzotzil, chol, tojolabal, tzeltal, quienes vestidos con sus atuendos tradicionales participaron con cantos y alabanzas en lenguas maternas, seg\u00fan informa El Universal. <\/p>\n<p style=\"text-align: justify\">Por su parte, el obispo de la di\u00f3cesis de San Crist\u00f3bal de las Casas, Felipe Arizmendi, dijo que la semana pasada, representantes de diferentes confesiones como cat\u00f3licos y evang\u00e9licos, grabaron en la televisi\u00f3n estatal cinco programas sobre la familia, los cuales se transmitir\u00e1n en la v\u00edspera navide\u00f1a. <\/p>\n<p style=\"text-align: justify\">Aclar\u00f3 que no son programas para hacer proselitismo de cada religi\u00f3n, \u201csino que nos unimos para aportar a la sociedad chiapaneca los valores que descubrimos en el Evangelio, pues nos preocupa la situaci\u00f3n que est\u00e1n viviendo las familias\u201d. <\/p>\n<p style=\"text-align: justify\"> \u201cLos l\u00edderes de las diferentes confesiones religiosas queremos dar un testimonio y un mensaje de que es posible y deseable que vivamos en paz, respet\u00e1ndonos en nuestras creencias personales\u201d, concluy\u00f3. <\/p>\n<p style=\"text-align: justify\"><em>Fuente: <strong>www.MundoCristiano.tv <\/strong><\/em><\/p>\n","protected":false},"excerpt":{"rendered":"<p>En M\u00e9xico, un grupo de iglesias locales y de otros estados se unieron para celebrar una jornada de oraci\u00f3n por la paz en Chiapas, tras el conflicto armado del Ej\u00e9rcito Zapatista de Liberaci\u00f3n Nacional (EZLN). \u00bfQu\u00e9 opinas de esta noticia? Ve a www.Facebook.com\/mundocristiano y comenta. Miles de creyentes se reunieron en las afueras del palacio &hellip; <a href=\"https:\/\/www.biblia.work\/noticias\/miles-celebran-jornada-de-oracion-en-chiapas\/\" class=\"more-link\">Continuar leyendo<span class=\"screen-reader-text\"> \u00abMiles celebran jornada de oraci\u00f3n en Chiapas\u00bb<\/span><\/a><\/p>\n","protected":false},"author":1,"featured_media":0,"comment_status":"open","ping_status":"closed","sticky":false,"template":"","format":"standard","meta":{"footnotes":""},"categories":[1],"tags":[],"class_list":["post-9642","post","type-post","status-publish","format-standard","hentry","category-general"],"_links":{"self":[{"href":"https:\/\/www.biblia.work\/noticias\/wp-json\/wp\/v2\/posts\/9642","targetHints":{"allow":["GET"]}}],"collection":[{"href":"https:\/\/www.biblia.work\/noticias\/wp-json\/wp\/v2\/posts"}],"about":[{"href":"https:\/\/www.biblia.work\/noticias\/wp-json\/wp\/v2\/types\/post"}],"author":[{"embeddable":true,"href":"https:\/\/www.biblia.work\/noticias\/wp-json\/wp\/v2\/users\/1"}],"replies":[{"embeddable":true,"href":"https:\/\/www.biblia.work\/noticias\/wp-json\/wp\/v2\/comments?post=9642"}],"version-history":[{"count":0,"href":"https:\/\/www.biblia.work\/noticias\/wp-json\/wp\/v2\/posts\/9642\/revisions"}],"wp:attachment":[{"href":"https:\/\/www.biblia.work\/noticias\/wp-json\/wp\/v2\/media?parent=9642"}],"wp:term":[{"taxonomy":"category","embeddable":true,"href":"https:\/\/www.biblia.work\/noticias\/wp-json\/wp\/v2\/categories?post=9642"},{"taxonomy":"post_tag","embeddable":true,"href":"https:\/\/www.biblia.work\/noticias\/wp-json\/wp\/v2\/tags?post=9642"}],"curies":[{"name":"wp","href":"https:\/\/api.w.org\/{rel}","templated":true}]}}