{"id":9645,"date":"2016-12-05T18:10:02","date_gmt":"2016-12-05T23:10:02","guid":{"rendered":"http:\/\/www.biblia.work\/noticias\/iglesias-quieren-que-jesus-vuelva-a-ser-parte-de-la-navidad\/"},"modified":"2016-12-05T18:10:02","modified_gmt":"2016-12-05T23:10:02","slug":"iglesias-quieren-que-jesus-vuelva-a-ser-parte-de-la-navidad","status":"publish","type":"post","link":"https:\/\/www.biblia.work\/noticias\/iglesias-quieren-que-jesus-vuelva-a-ser-parte-de-la-navidad\/","title":{"rendered":"Iglesias quieren que Jes\u00fas vuelva a ser parte de la Navidad"},"content":{"rendered":"<p style=\"text-align: justify\">URUGUAY. &#8211; Desde principios del siglo XX, Uruguay ha llevado a los extremos el concepto de Estado Laico. As\u00ed que mientras que, en todo el Occidente, el 25 de diciembre, es un d\u00eda feriado para recordar el nacimiento de Jes\u00fas, los secularizados decretos del gobierno uruguayo decretan que es el &#8220;d\u00eda de la familia&#8221;.<\/p>\n<p style=\"text-align: justify\">Esta no es la \u00fanica fiesta a la que se le cambi\u00f3 el nombre &#8211; y el sentido -. La Semana Santa, que culmina en la Pascua, fue renombrado &#8220;Semana de Turismo&#8221;. Esto no quiere decir que a los religiosos se les impide celebrar como ellos quieren, pero por lo general el gobierno ha eliminado el cristianismo que un d\u00eda fue la religi\u00f3n oficial del pa\u00eds.<\/p>\n<p style=\"text-align: justify\">De acuerdo con el diario El Pa\u00eds, de Uruguay, la celebraci\u00f3n del &#8220;D\u00eda de la Familia&#8221; tambi\u00e9n es un d\u00eda de fiesta, con la mayor\u00eda de los servicios p\u00fablicos y el comercio centrado en el 24 de diciembre que luego vuelve a la normalidad la ma\u00f1ana del 26. Las calles siguen estando decoradas con una iluminaci\u00f3n especial y los Santas se ven en las tiendas y centros comerciales. Sin embargo, las referencias a Jes\u00fas, no se ven no mucho en esas ocasiones.<\/p>\n<p style=\"text-align: justify\">A pesar de que tienen la tasa m\u00e1s alta de Am\u00e9rica, de personas &#8220;sin religi\u00f3n&#8221; &#8211; m\u00e1s del 30%- \u00a0el 14% de &#8220;ateos y agn\u00f3sticos&#8221;, la mayor\u00eda de la gente todav\u00eda profesa el cristianismo (45% de cat\u00f3licos y evang\u00e9licos 9%).<\/p>\n<p style=\"text-align: justify\">Decidido a rescatar el sentido cristiano de la fiesta de fin de a\u00f1o, los uruguayos cristianos lanzaron la campa\u00f1a &#8220;Navidad con Jes\u00fas&#8221; campa\u00f1a. Daniel Kerber, responsable del archidi\u00f3cesis de Montevideo ha estado tratando de involucrar a otras iglesias.<\/p>\n<p style=\"text-align: justify\">&#8220;La Navidad de alguna manera perdi\u00f3 su sentido cristiano, la sociedad de consumo lo transform\u00f3 en una fiesta comercial&#8221;.<\/p>\n<p style=\"text-align: justify\">Una forma de recordar que Jes\u00fas debe ser el centro de la celebraci\u00f3n, es pedir a los templos y escuelas cat\u00f3licas que coloquen una bandera con la frase &#8220;Navidad con Jes\u00fas&#8221;. Tambi\u00e9n crearon una imagen de Jos\u00e9 y Mar\u00eda con un Jes\u00fas reci\u00e9n nacido para llamar la atenci\u00f3n.<\/p>\n<p style=\"text-align: justify\">Kerber, tambi\u00e9n anunci\u00f3 que los uruguayos cristianos deben llevar a cabo en la semana de Navidad una &#8220;obra de caridad&#8221;, algo para el beneficio de los pobres, para servir como una oportunidad de anunciar lo que debe ser recordado en el momento. &#8220;Tenemos el poder para traer de vuelta el sentido de la Navidad cristiana y presentar a un gran n\u00famero de personas el mensaje cristiano de la buena nueva, el mensaje de salvaci\u00f3n&#8221;.<\/p>\n<p style=\"text-align: justify\">La entrada <a rel=\"nofollow\" href=\"http:\/\/www.noticiacristiana.com\/sociedad\/iglesiaestado\/2016\/12\/iglesias-jesus-navidad-uruguay.html\">Iglesias quieren que Jes\u00fas vuelva a ser parte de la Navidad<\/a> aparece primero en <a rel=\"nofollow\" href=\"http:\/\/www.noticiacristiana.com\">NoticiaCristiana.com<\/a>.<\/p>\n","protected":false},"excerpt":{"rendered":"<p>URUGUAY. &#8211; Desde principios del siglo XX, Uruguay ha llevado a los extremos el concepto de Estado Laico. As\u00ed que mientras que, en todo el Occidente, el 25 de diciembre, es un d\u00eda feriado para recordar el nacimiento de Jes\u00fas, los secularizados decretos del gobierno uruguayo decretan que es el &#8220;d\u00eda de la familia&#8221;. Esta &hellip; <a href=\"https:\/\/www.biblia.work\/noticias\/iglesias-quieren-que-jesus-vuelva-a-ser-parte-de-la-navidad\/\" class=\"more-link\">Continuar leyendo<span class=\"screen-reader-text\"> \u00abIglesias quieren que Jes\u00fas vuelva a ser parte de la Navidad\u00bb<\/span><\/a><\/p>\n","protected":false},"author":1,"featured_media":0,"comment_status":"open","ping_status":"closed","sticky":false,"template":"","format":"standard","meta":{"footnotes":""},"categories":[1],"tags":[],"class_list":["post-9645","post","type-post","status-publish","format-standard","hentry","category-general"],"_links":{"self":[{"href":"https:\/\/www.biblia.work\/noticias\/wp-json\/wp\/v2\/posts\/9645","targetHints":{"allow":["GET"]}}],"collection":[{"href":"https:\/\/www.biblia.work\/noticias\/wp-json\/wp\/v2\/posts"}],"about":[{"href":"https:\/\/www.biblia.work\/noticias\/wp-json\/wp\/v2\/types\/post"}],"author":[{"embeddable":true,"href":"https:\/\/www.biblia.work\/noticias\/wp-json\/wp\/v2\/users\/1"}],"replies":[{"embeddable":true,"href":"https:\/\/www.biblia.work\/noticias\/wp-json\/wp\/v2\/comments?post=9645"}],"version-history":[{"count":0,"href":"https:\/\/www.biblia.work\/noticias\/wp-json\/wp\/v2\/posts\/9645\/revisions"}],"wp:attachment":[{"href":"https:\/\/www.biblia.work\/noticias\/wp-json\/wp\/v2\/media?parent=9645"}],"wp:term":[{"taxonomy":"category","embeddable":true,"href":"https:\/\/www.biblia.work\/noticias\/wp-json\/wp\/v2\/categories?post=9645"},{"taxonomy":"post_tag","embeddable":true,"href":"https:\/\/www.biblia.work\/noticias\/wp-json\/wp\/v2\/tags?post=9645"}],"curies":[{"name":"wp","href":"https:\/\/api.w.org\/{rel}","templated":true}]}}