{"id":9651,"date":"2016-12-06T05:15:02","date_gmt":"2016-12-06T10:15:02","guid":{"rendered":"http:\/\/www.biblia.work\/noticias\/el-cardenal-farrell-viaja-a-panama-para-iniciar-los-preparativos-de-la-jmj-2019\/"},"modified":"2016-12-06T05:15:02","modified_gmt":"2016-12-06T10:15:02","slug":"el-cardenal-farrell-viaja-a-panama-para-iniciar-los-preparativos-de-la-jmj-2019","status":"publish","type":"post","link":"https:\/\/www.biblia.work\/noticias\/el-cardenal-farrell-viaja-a-panama-para-iniciar-los-preparativos-de-la-jmj-2019\/","title":{"rendered":"El cardenal Farrell viaja a Panam\u00e1 para iniciar los preparativos de la JMJ 2019"},"content":{"rendered":"<p style=\"text-align: justify\"><b><\/b><span style=\"font-weight: 400\">(ZENIT &#8211; Ciudad del Vaticano).-\u00a0<\/span><span style=\"font-weight: 400\">El cardenal Kevin Farrell, prefecto del dicasterio para los Laicos, la Familia y la Vida, <\/span><span style=\"font-weight: 400\">\u00a0se encuentra estos d\u00edas en Panam\u00e1 donde se est\u00e1n llevando a cabo nuevos encuentros con el comit\u00e9 organizador local (Col) de la pr\u00f3xima Jornada Mundial de la Juventud en el 2019.<\/span><\/p>\n<p style=\"text-align: justify\"><span style=\"font-weight: 400\">Tal y como informa<\/span>\u00a0la p\u00e1gina web del dicasterio,\u00a0el cardenal est\u00e1 acompa\u00f1ado por el padre Jo\u00e3o Chagas, responsable del sector de la juventud, y por Marcello Bedeschi, presidente de la Fundaci\u00f3n \u201cJuan Pablo II para los j\u00f3venes\u201d.<\/p>\n<p style=\"text-align: justify\"><span style=\"font-weight: 400\">En este viaje se reunir\u00e1 con el arzobispo de Panam\u00e1, monse\u00f1or Jos\u00e9 Domingo Ulloa Mendieta, el nuncio apost\u00f3lico y los obispos del pa\u00eds centroamericano, el clero y los laicos de la di\u00f3cesis. <\/span><span style=\"font-weight: 400\">Asimismo, esta tarde se celebrar\u00e1 un encuentro con los j\u00f3venes de la ciudad de Panam\u00e1, a quienes el cardenal prefecto dirigir\u00e1 unas palabras. <\/span><\/p>\n<p style=\"text-align: justify\"><span style=\"font-weight: 400\">El viaje permitir\u00e1 a la delegaci\u00f3n del dicasterio \u201crealizar las primeras visitas de los lugares y tener algunas reuniones con las autoridades de la ciudad para conocer m\u00e1s a fondo la realidad paname\u00f1a\u201d.<\/span><\/p>\n<p style=\"text-align: justify\"><span style=\"font-weight: 400\">El cardenal Kevin Farrell regresar\u00e1 a Roma el 9 de diciembre, mientras que el padre Chagas y el Bedeschi continuar\u00e1n el trabajo con la Col y participar\u00e1n en diversas reuniones con las diferentes di\u00f3cesis del pa\u00eds hasta el 11 de diciembre.<\/span><\/p>\n<p><span class=\"et_bloom_bottom_trigger\"><\/span><\/p>\n<p><a href=\"https:\/\/es.zenit.org\/\" target=\"_blank\" rel=\"nofollow\">Fuente: es.zenit.org<\/a><\/p>\n","protected":false},"excerpt":{"rendered":"<p>(ZENIT &#8211; Ciudad del Vaticano).-\u00a0El cardenal Kevin Farrell, prefecto del dicasterio para los Laicos, la Familia y la Vida, \u00a0se encuentra estos d\u00edas en Panam\u00e1 donde se est\u00e1n llevando a cabo nuevos encuentros con el comit\u00e9 organizador local (Col) de la pr\u00f3xima Jornada Mundial de la Juventud en el 2019. Tal y como informa\u00a0la p\u00e1gina &hellip; <a href=\"https:\/\/www.biblia.work\/noticias\/el-cardenal-farrell-viaja-a-panama-para-iniciar-los-preparativos-de-la-jmj-2019\/\" class=\"more-link\">Continuar leyendo<span class=\"screen-reader-text\"> \u00abEl cardenal Farrell viaja a Panam\u00e1 para iniciar los preparativos de la JMJ 2019\u00bb<\/span><\/a><\/p>\n","protected":false},"author":1,"featured_media":0,"comment_status":"open","ping_status":"closed","sticky":false,"template":"","format":"standard","meta":{"footnotes":""},"categories":[1],"tags":[],"class_list":["post-9651","post","type-post","status-publish","format-standard","hentry","category-general"],"_links":{"self":[{"href":"https:\/\/www.biblia.work\/noticias\/wp-json\/wp\/v2\/posts\/9651","targetHints":{"allow":["GET"]}}],"collection":[{"href":"https:\/\/www.biblia.work\/noticias\/wp-json\/wp\/v2\/posts"}],"about":[{"href":"https:\/\/www.biblia.work\/noticias\/wp-json\/wp\/v2\/types\/post"}],"author":[{"embeddable":true,"href":"https:\/\/www.biblia.work\/noticias\/wp-json\/wp\/v2\/users\/1"}],"replies":[{"embeddable":true,"href":"https:\/\/www.biblia.work\/noticias\/wp-json\/wp\/v2\/comments?post=9651"}],"version-history":[{"count":0,"href":"https:\/\/www.biblia.work\/noticias\/wp-json\/wp\/v2\/posts\/9651\/revisions"}],"wp:attachment":[{"href":"https:\/\/www.biblia.work\/noticias\/wp-json\/wp\/v2\/media?parent=9651"}],"wp:term":[{"taxonomy":"category","embeddable":true,"href":"https:\/\/www.biblia.work\/noticias\/wp-json\/wp\/v2\/categories?post=9651"},{"taxonomy":"post_tag","embeddable":true,"href":"https:\/\/www.biblia.work\/noticias\/wp-json\/wp\/v2\/tags?post=9651"}],"curies":[{"name":"wp","href":"https:\/\/api.w.org\/{rel}","templated":true}]}}