{"id":9652,"date":"2016-12-06T05:15:02","date_gmt":"2016-12-06T10:15:02","guid":{"rendered":"http:\/\/www.biblia.work\/noticias\/comentario-a-la-liturgia-dominical-25\/"},"modified":"2016-12-06T05:15:02","modified_gmt":"2016-12-06T10:15:02","slug":"comentario-a-la-liturgia-dominical-25","status":"publish","type":"post","link":"https:\/\/www.biblia.work\/noticias\/comentario-a-la-liturgia-dominical-25\/","title":{"rendered":"Comentario a la liturgia dominical"},"content":{"rendered":"<p style=\"text-align: justify\">(ZENIT &#8211; M\u00e9xico).- \u00a0\u00a0Textos: Isa\u00edas 35,1-6.10; Santiago 5, 7-10; Mateo 11,2-11. Antonio Rivero, L.C. Doctor en Teolog\u00eda Espiritual, director espiritual y profesor de Humanidades Cl\u00e1sicas en el Centro de Noviciado y Humanidades y Ciencias de la Legi\u00f3n de Cristo en Monterrey (M\u00e9xico).<\/p>\n<p style=\"text-align: justify\">&nbsp;<\/p>\n<p style=\"text-align: justify\"><strong>Idea principal<\/strong>: Abrirnos a la <em>alegr\u00eda<\/em> mesi\u00e1nica que nos trae Cristo.<\/p>\n<p style=\"text-align: justify\"><strong>Resumen del mensaje<\/strong>: el primer domingo de Adviento Dios nos invitaba a <em>despertar<\/em>. En el segundo a <em>convertirnos<\/em>. Hoy nos invita a la <em>alegr\u00eda, a la alegr\u00eda mesi\u00e1nica<\/em>. Es el domingo del \u201c<em>Gaudete<\/em>\u201d, es decir, \u201cAlegraos\u201d. La vida cristiana tiene que ser vivida desde la alegr\u00eda, aun en medio de dificultades y desiertos de la vida (primera lectura), porque la tenemos fundamentada en Cristo, como Juan Bautista (evangelio). Alegr\u00eda que tenemos que regar, abonar, cuidar (segunda lectura) y transmitir a nuestro alrededor.<\/p>\n<p style=\"text-align: justify\"><strong>Puntos de la idea principal<\/strong>:<\/p>\n<p style=\"text-align: justify\"><strong><em>En primer lugar<\/em><\/strong>, este Cristo Salvador que viene en Navidad nos llenar\u00e1 de su <em>alegr\u00eda<\/em>, pues \u00c9l es la alegre noticia del Padre, y por eso <em>\u201cel desierto y el yermo <\/em>(de nuestro coraz\u00f3n)<em> se regocijar\u00e1n, se alegrar\u00e1n el p\u00e1ramo y la estepa\u201d<\/em> (primera lectura). S\u00ed, habr\u00e1 descalabros, calamidades, quebraderos de cabeza, pero el cristiano hoy debe escuchar la voz prof\u00e9tica que le invita a la esperanza y a la alegr\u00eda, porque Dios entr\u00f3 y entra en nuestra historia, en nuestra vida. Y \u00c9l es fiel (salmo). Har\u00e1 que los cojos caminen, que los mudos hablen, que el desierto se convierta en jard\u00edn, que los cobardes se vuelvan valientes. \u00bfSoy un cristiano de esperanza gozosa o un cristiano triste y pesimista? Dice el Papa Francisco: <em>\u201cEl gran riesgo del mundo actual, con su m\u00faltiple y abrumadora oferta de consumo, es una tristeza individualista que brota del coraz\u00f3n c\u00f3modo y avaro, de la b\u00fasqueda enfermiza de placeres superficiales, de la conciencia aislada\u201d<\/em> (Evangelii gaudium, n. 2)<\/p>\n<p style=\"text-align: justify\"><strong><em>En segundo lugar<\/em><\/strong>, esta <em>alegr\u00eda<\/em> recibida por Cristo el d\u00eda de su Encarnaci\u00f3n tiene que ser cultivada, regada, abonada con el esfuerzo y la paciencia, para que d\u00e9 fruto precioso (segunda lectura), como hace el buen labrador. De lo contrario, se agosta y fenece. No tengamos miedo a las escarchas, a las nieves, a los vientos y la lluvia; todo es necesario para que florezca mi vida, pues lo permite Dios. \u00bfMi vida florece o est\u00e1 seca? \u00bfSi est\u00e1 seca, no ser\u00e1 que he abandonado el riego y el abono? \u00bfTal vez no arranco las malas hierbas de mi coraz\u00f3n y se est\u00e1n comiendo esa alegr\u00eda de la salvaci\u00f3n que Jes\u00fas sembr\u00f3 en mi coraz\u00f3n? <em>\u201cCon Jesucristo siempre nace y renace la alegr\u00eda<\/em>\u201d ((Evangelii gaudium, n. 1).<\/p>\n<p style=\"text-align: justify\"><strong><em>Finalmente<\/em><\/strong>, la <em>alegr\u00eda<\/em> de Juan Bautista, \u00bfen qu\u00e9 y en qui\u00e9n se basaba? (evangelio). \u00c9l estaba en la c\u00e1rcel, porque su predicaci\u00f3n era clara e invitaba al rey Herodes a convertirse, pues viv\u00eda en adulterio. No era para estar alegre. Tampoco su alegr\u00eda consist\u00eda en cosas, pues viv\u00eda en austeridad y pobreza. La alegr\u00eda de Juan Bautista se basaba en haberse encontrado y aceptado a Cristo en su vida, y por eso daba testimonio valiente de Cristo. \u00bfEn d\u00f3nde est\u00e1 mi alegr\u00eda? \u00bfQu\u00e9 hago por llevar esa alegr\u00eda de Cristo a mi casa, a mi casa, a mi puesto de trabajo?<\/p>\n<p style=\"text-align: justify\"><strong>Para reflexionar<\/strong>: revisemos en este domingo de la <em>alegr\u00eda<\/em> a qui\u00e9n estamos transmitiendo esa alegr\u00eda de nuestro coraz\u00f3n. Y en el caso de que esa alegr\u00eda haya muerto por el pecado, acerqu\u00e9monos a la confesi\u00f3n en estos d\u00edas para recuperar la alegr\u00eda de la salvaci\u00f3n. Ser\u00e1 la mejor manera de acercarnos a la Navidad. <em>\u201c\u00bfPor qu\u00e9 no entrar tambi\u00e9n nosotros en ese r\u00edo de alegr\u00eda?\u201d <\/em>(Evangelii gaudium, n. 5).<\/p>\n<p style=\"text-align: justify\">&nbsp;<\/p>\n<p style=\"text-align: justify\"><strong>Para rezar<\/strong>:<\/p>\n<p style=\"text-align: justify\"><em>Dame, Se\u00f1or, el don de la alegr\u00eda, <\/em><\/p>\n<p style=\"text-align: justify\"><em>que canta sin reservas,<\/em><\/p>\n<p style=\"text-align: justify\"><em>la belleza del mundo, <\/em><\/p>\n<p style=\"text-align: justify\"><em>la grandeza del hombre, <\/em><\/p>\n<p style=\"text-align: justify\"><em>la bondad de su Dios.<\/em><\/p>\n<p style=\"text-align: justify\"><em>Dame, Se\u00f1or, el don de la alegr\u00eda,<\/em><\/p>\n<p style=\"text-align: justify\"><em>que me haga siempre joven, <\/em><\/p>\n<p style=\"text-align: justify\"><em>aunque los a\u00f1os pasen;<\/em><\/p>\n<p style=\"text-align: justify\"><em>la alegr\u00eda que llena de luz el coraz\u00f3n. <\/em><\/p>\n<p style=\"text-align: justify\"><em>Dame, Se\u00f1or, el don de la alegr\u00eda,<\/em><\/p>\n<p style=\"text-align: justify\"><em>que colma de sonrisas,<\/em><\/p>\n<p style=\"text-align: justify\"><em>de abrazos y de besos, <\/em><\/p>\n<p style=\"text-align: justify\"><em>el encuentro de amigos, la vida y el amor.<\/em><\/p>\n<p style=\"text-align: justify\"><em>Dame, Se\u00f1or, el don de la alegr\u00eda,<\/em><\/p>\n<p style=\"text-align: justify\"><em>que me una contigo, <\/em><\/p>\n<p style=\"text-align: justify\"><em>el Dios siempre presente, <\/em><\/p>\n<p style=\"text-align: justify\"><em>en quien todo converge y en quien todo se inspira.<\/em><\/p>\n<p style=\"text-align: justify\"><em>Dame, Se\u00f1or, el don de la alegr\u00eda, <\/em><\/p>\n<p style=\"text-align: justify\"><em>que alienta el coraz\u00f3n<\/em><\/p>\n<p style=\"text-align: justify\"><em>y nos muestra un futuro<\/em><\/p>\n<p style=\"text-align: justify\"><em>lleno de bendiciones, a pesar del dolor. <\/em><\/p>\n<p style=\"text-align: justify\"><em>Am\u00e9n.<\/em><\/p>\n<p style=\"text-align: justify\">&nbsp;<\/p>\n<p style=\"text-align: justify\">Cualquier sugerencia o duda pueden comunicarse con el padre Antonio a este email: <a target=\"_blank\" rel=\"nofollow\" href=\"mailto:arivero@legionaries.org\">arivero@legionaries.org<\/a><\/p>\n<p style=\"text-align: justify\">&nbsp;<\/p>\n<p><span class=\"et_bloom_bottom_trigger\"><\/span><\/p>\n<p><a href=\"https:\/\/es.zenit.org\/\" target=\"_blank\" rel=\"nofollow\">Fuente: es.zenit.org<\/a><\/p>\n","protected":false},"excerpt":{"rendered":"<p>(ZENIT &#8211; M\u00e9xico).- \u00a0\u00a0Textos: Isa\u00edas 35,1-6.10; Santiago 5, 7-10; Mateo 11,2-11. Antonio Rivero, L.C. Doctor en Teolog\u00eda Espiritual, director espiritual y profesor de Humanidades Cl\u00e1sicas en el Centro de Noviciado y Humanidades y Ciencias de la Legi\u00f3n de Cristo en Monterrey (M\u00e9xico). &nbsp; Idea principal: Abrirnos a la alegr\u00eda mesi\u00e1nica que nos trae Cristo. Resumen &hellip; <a href=\"https:\/\/www.biblia.work\/noticias\/comentario-a-la-liturgia-dominical-25\/\" class=\"more-link\">Continuar leyendo<span class=\"screen-reader-text\"> \u00abComentario a la liturgia dominical\u00bb<\/span><\/a><\/p>\n","protected":false},"author":1,"featured_media":0,"comment_status":"open","ping_status":"closed","sticky":false,"template":"","format":"standard","meta":{"footnotes":""},"categories":[1],"tags":[],"class_list":["post-9652","post","type-post","status-publish","format-standard","hentry","category-general"],"_links":{"self":[{"href":"https:\/\/www.biblia.work\/noticias\/wp-json\/wp\/v2\/posts\/9652","targetHints":{"allow":["GET"]}}],"collection":[{"href":"https:\/\/www.biblia.work\/noticias\/wp-json\/wp\/v2\/posts"}],"about":[{"href":"https:\/\/www.biblia.work\/noticias\/wp-json\/wp\/v2\/types\/post"}],"author":[{"embeddable":true,"href":"https:\/\/www.biblia.work\/noticias\/wp-json\/wp\/v2\/users\/1"}],"replies":[{"embeddable":true,"href":"https:\/\/www.biblia.work\/noticias\/wp-json\/wp\/v2\/comments?post=9652"}],"version-history":[{"count":0,"href":"https:\/\/www.biblia.work\/noticias\/wp-json\/wp\/v2\/posts\/9652\/revisions"}],"wp:attachment":[{"href":"https:\/\/www.biblia.work\/noticias\/wp-json\/wp\/v2\/media?parent=9652"}],"wp:term":[{"taxonomy":"category","embeddable":true,"href":"https:\/\/www.biblia.work\/noticias\/wp-json\/wp\/v2\/categories?post=9652"},{"taxonomy":"post_tag","embeddable":true,"href":"https:\/\/www.biblia.work\/noticias\/wp-json\/wp\/v2\/tags?post=9652"}],"curies":[{"name":"wp","href":"https:\/\/api.w.org\/{rel}","templated":true}]}}