{"id":9654,"date":"2016-12-06T07:15:02","date_gmt":"2016-12-06T12:15:02","guid":{"rendered":"http:\/\/www.biblia.work\/noticias\/la-comision-vaticana-sobre-tutela-de-menores-lanza-su-pagina-web\/"},"modified":"2016-12-06T07:15:02","modified_gmt":"2016-12-06T12:15:02","slug":"la-comision-vaticana-sobre-tutela-de-menores-lanza-su-pagina-web","status":"publish","type":"post","link":"https:\/\/www.biblia.work\/noticias\/la-comision-vaticana-sobre-tutela-de-menores-lanza-su-pagina-web\/","title":{"rendered":"La comisi\u00f3n vaticana sobre tutela de menores lanza su p\u00e1gina web"},"content":{"rendered":"<p style=\"text-align: justify\"><span style=\"font-weight: 400\">(ZENIT &#8211; Ciudad del Vaticano).- La Pontificia Comisi\u00f3n para la tutela de menores ha lanzado su nueva p\u00e1gina web con el fin de proporcionar informaci\u00f3n sobre su trabajo y misi\u00f3n.<br \/>\n<a target=\"_blank\" rel=\"nofollow\" href=\"http:\/\/www.protectionofminors.va\/content\/tuteladeiminori\/en.html\">www.protectionofminors.va<\/a> tiene como objetivo \u201cproporcionar al p\u00fablico en general actualizaciones peri\u00f3dicas sobre el trabajo del Pontificia Comisi\u00f3n de Tutela de Menores\u201d en la promoci\u00f3n de una \u201ccultura de la salvaguardia\u201d junto con las iglesias locales, as\u00ed como presentar los programas educativos desarrollados por la comisi\u00f3n en todo el mundo.<\/span><\/p>\n<p style=\"text-align: justify\"><span style=\"font-weight: 400\">Esta versi\u00f3n de la web est\u00e1 todav\u00eda en desarrollo. Actualmente est\u00e1 solo disponible en ingl\u00e9s, pero m\u00e1s adelante incluir\u00e1 versi\u00f3n en espa\u00f1ol, italiano, portugu\u00e9s y franc\u00e9s.<\/span><\/p>\n<p style=\"text-align: justify\">El papa\u00a0Francisco, continuando con la l\u00ednea emprendida por Benedicto XVI, acogi\u00f3\u00a0una propuesta del consejo de cardenales, y constituy\u00f3 una comisi\u00f3n espec\u00edfica para la protecci\u00f3n de los menores. El anuncio lo realiz\u00f3, el 5 de diciembre de 2013, \u00a0el cardenal\u00a0<span class=\"s1\">O\u2019Malley, arzobispo de Boston y uno de los miembros del Consejo de cardenales,\u00a0<\/span><span class=\"s1\">una de las voces m\u00e1s destacadas de la Iglesia en la lucha contra la pederastia. Al instituir formalmente la comisi\u00f3n, el Santo Padre lo nombr\u00f3 presidente.\u00a0<\/span><\/p>\n<p><span class=\"et_bloom_bottom_trigger\"><\/span><\/p>\n<p><a href=\"https:\/\/es.zenit.org\/\" target=\"_blank\" rel=\"nofollow\">Fuente: es.zenit.org<\/a><\/p>\n","protected":false},"excerpt":{"rendered":"<p>(ZENIT &#8211; Ciudad del Vaticano).- La Pontificia Comisi\u00f3n para la tutela de menores ha lanzado su nueva p\u00e1gina web con el fin de proporcionar informaci\u00f3n sobre su trabajo y misi\u00f3n. www.protectionofminors.va tiene como objetivo \u201cproporcionar al p\u00fablico en general actualizaciones peri\u00f3dicas sobre el trabajo del Pontificia Comisi\u00f3n de Tutela de Menores\u201d en la promoci\u00f3n de &hellip; <a href=\"https:\/\/www.biblia.work\/noticias\/la-comision-vaticana-sobre-tutela-de-menores-lanza-su-pagina-web\/\" class=\"more-link\">Continuar leyendo<span class=\"screen-reader-text\"> \u00abLa comisi\u00f3n vaticana sobre tutela de menores lanza su p\u00e1gina web\u00bb<\/span><\/a><\/p>\n","protected":false},"author":1,"featured_media":0,"comment_status":"open","ping_status":"closed","sticky":false,"template":"","format":"standard","meta":{"footnotes":""},"categories":[1],"tags":[],"class_list":["post-9654","post","type-post","status-publish","format-standard","hentry","category-general"],"_links":{"self":[{"href":"https:\/\/www.biblia.work\/noticias\/wp-json\/wp\/v2\/posts\/9654","targetHints":{"allow":["GET"]}}],"collection":[{"href":"https:\/\/www.biblia.work\/noticias\/wp-json\/wp\/v2\/posts"}],"about":[{"href":"https:\/\/www.biblia.work\/noticias\/wp-json\/wp\/v2\/types\/post"}],"author":[{"embeddable":true,"href":"https:\/\/www.biblia.work\/noticias\/wp-json\/wp\/v2\/users\/1"}],"replies":[{"embeddable":true,"href":"https:\/\/www.biblia.work\/noticias\/wp-json\/wp\/v2\/comments?post=9654"}],"version-history":[{"count":0,"href":"https:\/\/www.biblia.work\/noticias\/wp-json\/wp\/v2\/posts\/9654\/revisions"}],"wp:attachment":[{"href":"https:\/\/www.biblia.work\/noticias\/wp-json\/wp\/v2\/media?parent=9654"}],"wp:term":[{"taxonomy":"category","embeddable":true,"href":"https:\/\/www.biblia.work\/noticias\/wp-json\/wp\/v2\/categories?post=9654"},{"taxonomy":"post_tag","embeddable":true,"href":"https:\/\/www.biblia.work\/noticias\/wp-json\/wp\/v2\/tags?post=9654"}],"curies":[{"name":"wp","href":"https:\/\/api.w.org\/{rel}","templated":true}]}}