{"id":9655,"date":"2016-12-06T07:15:02","date_gmt":"2016-12-06T12:15:02","guid":{"rendered":"http:\/\/www.biblia.work\/noticias\/el-papa-en-sta-marta-dios-no-viene-a-condenar-sino-a-salvar\/"},"modified":"2016-12-06T07:15:02","modified_gmt":"2016-12-06T12:15:02","slug":"el-papa-en-sta-marta-dios-no-viene-a-condenar-sino-a-salvar","status":"publish","type":"post","link":"https:\/\/www.biblia.work\/noticias\/el-papa-en-sta-marta-dios-no-viene-a-condenar-sino-a-salvar\/","title":{"rendered":"El Papa en Sta. Marta: Dios no viene a condenar sino a salvar"},"content":{"rendered":"<p style=\"text-align: justify\"><span style=\"font-weight: 400\">(ZENIT &#8211; Ciudad del Vaticano).- El papa Francisco ha explicado en la homil\u00eda de la misa celebrada esta ma\u00f1ana en Santa Marta que quien no conoce la ternura de Dios no conoce la doctrina cristiana. <\/span><span style=\"font-weight: 400\">En el centro de la predicaci\u00f3n del Papa ha estado el Evangelio de la oveja perdida con la alegr\u00eda por\u00a0el consuelo del Se\u00f1or que no deja de buscarnos. \u00c9l viene como un juez &#8211;explica Francisco&#8211; pero un juez que acaricia, un juez que est\u00e1 lleno de ternura: hace de todo para salvarnos. No viene \u201ca condenar sino a salvar\u201d, busca a cada persona, nos ama personalmente, \u201cno ama a la masa indistinta\u201d sino que \u201cnos ama por nombre, nos ama como somos\u201d. <\/span><\/p>\n<p style=\"text-align: justify\"><span style=\"font-weight: 400\">El papa Francisco ha explicado que la oveja perdida no se ha perdido porque no ten\u00eda una br\u00fajula en la mano, conoc\u00eda bien el camino. \u201cSe ha perdido porque ten\u00eda el coraz\u00f3n enfermo\u201d cegado por una \u201cdisociaci\u00f3n interior\u201d y huye \u201cpara alejarse del Se\u00f1or, para saciar esa oscuridad interior que la lleva a la doble vida\u201d: estar en el reba\u00f1o y escapar en la oscuridad. As\u00ed, el Santo Padre ha recordado que el Se\u00f1or conoce estas cosas y va a buscarla. \u201cLa figura que m\u00e1s me hace entender la actitud del Se\u00f1or con la oveja perdida es la actitud del Se\u00f1or con Judas\u201d, ha reconocido. <\/span><\/p>\n<p style=\"text-align: justify\"><span style=\"font-weight: 400\">La oveja perdida m\u00e1s perfecta en el Evangelio es Judas: \u201cun hombre que siempre, siempre ten\u00eda algo de amargura en el coraz\u00f3n, algo para criticar a los otros, siempre\u201d. No sab\u00eda &#8211;ha explicado el Pont\u00edfice&#8211; la dulzura de la gratuidad de vivir con todos los dem\u00e1s. Y como no est\u00e1 satisfecha esta oveja \u201cescapaba\u201d.\u00a0<\/span><span style=\"font-weight: 400\">Es la doble vida de muchos cristianos, ha advertido el Santo Padre. \u201cLa doble vida de muchos cristianos, tambi\u00e9n, con dolor, podemos decir sacerdotes, obispos\u2026\u201d. Y Judas era obispo, era uno de los primeros obispos, ha observado el Papa. <\/span><\/p>\n<p style=\"text-align: justify\"><span style=\"font-weight: 400\">En esta l\u00ednea, el Obispo de Roma ha invitado a entender a las ovejas perdidas. \u201cTambi\u00e9n nosotros tenemos siempre alguna cosita, peque\u00f1a o no tan peque\u00f1a, de las ovejas perdidas\u201d, ha reconocido. Lo que hace la oveja perdida &#8211;ha especificado&#8211; no es tanto un error sino una enfermedad que est\u00e1 en el coraz\u00f3n y que el diablo se aprovecha. De este modo, Judas, con su \u201ccoraz\u00f3n dividido, disociado\u201d, es \u201cel icono de la oveja perdida\u201d y que el pastor va a buscar. <\/span><\/p>\n<p style=\"text-align: justify\"><span style=\"font-weight: 400\">Pero Judas no entiende y al final cuando vio \u201ceso que la propia doble vida hizo en la comunidad\u201d, \u201cel mal que sembr\u00f3\u201d, \u201ccon su oscuridad interior\u201d, que lo llevaba a \u201cescapar siempre\u201d, buscando luces que no eran la luz del Se\u00f1or sino luces como \u201cdecoraciones de Navidad\u201d, \u201cluces artificiales\u201d, se desesper\u00f3. <\/span><\/p>\n<p style=\"text-align: justify\"><span style=\"font-weight: 400\">Por otro lado, el Pont\u00edfice ha se\u00f1alado que hay una palabra en la Biblia que dice que Judas se ha ahorcado, ahorcado y \u201carrepentido\u201d. Yo creo &#8211;ha asegurado&#8211; que el Se\u00f1or tomar\u00e1 esa palabra y la llevar\u00e1 consigo, no lo s\u00e9, puede ser, pero esa palabra nos hace dudar. Esa palabra significa, ha indicado el Papa, que hasta el final el amor de Dios trabajaba en ese alma, hasta el momento de la desesperaci\u00f3n. Y esta es \u201cla actitud del buen pastor con las ovejas perdidas\u201d. <\/span><\/p>\n<p style=\"text-align: justify\"><span style=\"font-weight: 400\">Este es el anuncio, \u201cel feliz anuncio que nos trae la Navidad y que nos pide esta sincera alegr\u00eda que cambia el coraz\u00f3n, que nos lleva a dejarnos consolar por el Se\u00f1or y no por los consuelos\u00a0que buscamos para desahogarnos, para huir de la realidad, huir de la tortura interior, de la divisi\u00f3n interior\u201d. <\/span><\/p>\n<p style=\"text-align: justify\"><span style=\"font-weight: 400\">Jes\u00fas cuando encuentra la oveja perdida no la insulta, aunque haya hecho \u00a0mucho mal. De este modo, el Santo Padre ha recordado que en el huerto de los olivos llama a Judas \u201camigo\u201d. As\u00ed, ha explicado que \u201cquien no conoce las caricias del Se\u00f1or no conoce la doctrina cristiana\u201d, \u201cquien no se deja acariciar por el Se\u00f1or est\u00e1 perdido\u201d. <\/span><\/p>\n<p style=\"text-align: justify\"><span style=\"font-weight: 400\">Finalmente, el Papa ha pedido que el Se\u00f1or nos d\u00e9 esta gracia de \u201cesperar la Navidad con nuestras heridas, con nuestros pecados, sinceramente reconocidos, esperar el poder de este Dios que viene a consolarnos, que viene con poder pero su poder es la ternura, las caricias que han nacido de su coraz\u00f3n, su coraz\u00f3n tan bueno que ha dado la vida por nosotros\u201d. <\/span><\/p>\n<p><span class=\"et_bloom_bottom_trigger\"><\/span><\/p>\n<p><a href=\"https:\/\/es.zenit.org\/\" target=\"_blank\" rel=\"nofollow\">Fuente: es.zenit.org<\/a><\/p>\n","protected":false},"excerpt":{"rendered":"<p>(ZENIT &#8211; Ciudad del Vaticano).- El papa Francisco ha explicado en la homil\u00eda de la misa celebrada esta ma\u00f1ana en Santa Marta que quien no conoce la ternura de Dios no conoce la doctrina cristiana. En el centro de la predicaci\u00f3n del Papa ha estado el Evangelio de la oveja perdida con la alegr\u00eda por\u00a0el &hellip; <a href=\"https:\/\/www.biblia.work\/noticias\/el-papa-en-sta-marta-dios-no-viene-a-condenar-sino-a-salvar\/\" class=\"more-link\">Continuar leyendo<span class=\"screen-reader-text\"> \u00abEl Papa en Sta. Marta: Dios no viene a condenar sino a salvar\u00bb<\/span><\/a><\/p>\n","protected":false},"author":1,"featured_media":0,"comment_status":"open","ping_status":"closed","sticky":false,"template":"","format":"standard","meta":{"footnotes":""},"categories":[1],"tags":[],"class_list":["post-9655","post","type-post","status-publish","format-standard","hentry","category-general"],"_links":{"self":[{"href":"https:\/\/www.biblia.work\/noticias\/wp-json\/wp\/v2\/posts\/9655","targetHints":{"allow":["GET"]}}],"collection":[{"href":"https:\/\/www.biblia.work\/noticias\/wp-json\/wp\/v2\/posts"}],"about":[{"href":"https:\/\/www.biblia.work\/noticias\/wp-json\/wp\/v2\/types\/post"}],"author":[{"embeddable":true,"href":"https:\/\/www.biblia.work\/noticias\/wp-json\/wp\/v2\/users\/1"}],"replies":[{"embeddable":true,"href":"https:\/\/www.biblia.work\/noticias\/wp-json\/wp\/v2\/comments?post=9655"}],"version-history":[{"count":0,"href":"https:\/\/www.biblia.work\/noticias\/wp-json\/wp\/v2\/posts\/9655\/revisions"}],"wp:attachment":[{"href":"https:\/\/www.biblia.work\/noticias\/wp-json\/wp\/v2\/media?parent=9655"}],"wp:term":[{"taxonomy":"category","embeddable":true,"href":"https:\/\/www.biblia.work\/noticias\/wp-json\/wp\/v2\/categories?post=9655"},{"taxonomy":"post_tag","embeddable":true,"href":"https:\/\/www.biblia.work\/noticias\/wp-json\/wp\/v2\/tags?post=9655"}],"curies":[{"name":"wp","href":"https:\/\/api.w.org\/{rel}","templated":true}]}}