{"id":9658,"date":"2016-12-06T08:15:02","date_gmt":"2016-12-06T13:15:02","guid":{"rendered":"http:\/\/www.biblia.work\/noticias\/cuba-el-papa-nombra-nuevo-arzobispo-de-camaguey\/"},"modified":"2016-12-06T08:15:02","modified_gmt":"2016-12-06T13:15:02","slug":"cuba-el-papa-nombra-nuevo-arzobispo-de-camaguey","status":"publish","type":"post","link":"https:\/\/www.biblia.work\/noticias\/cuba-el-papa-nombra-nuevo-arzobispo-de-camaguey\/","title":{"rendered":"Cuba: El Papa nombra nuevo arzobispo de Camag\u00fcey"},"content":{"rendered":"<p style=\"text-align: justify\">(ZENIT &#8211; Ciudad del Vaticano).-\u00a0<span style=\"font-weight: 400\">El papa Francisco ha nombrado arzobispo metropolita de Camag\u00fcey, Cuba, a monse\u00f1or <\/span> <span style=\"font-weight: 400\"> Wilfredo Pino Este\u0301vez, traslad\u00e1ndolo desde la di\u00f3cesis de Guant\u00e1namo-Baracoa.<\/span><\/p>\n<p style=\"text-align: justify\"><span style=\"font-weight: 400\">Monse\u00f1or Wilfredo Pino Este\u0301vez naci\u00f3 en Camagu\u0308ey el 12 de octubre de 1950. Realiz\u00f3 los estudios en Filosof\u00eda y Teolog\u00eda en el seminario mayor San Carlos y San Ambrosio en San Crist\u00f3bal de La Habana. El 1 de agosto de 1975 fue ordenado sacerdote en la arquidi\u00f3cesis de Camag\u00fcey. <\/span><\/p>\n<p style=\"text-align: justify\"><span style=\"font-weight: 400\">Como sacerdote ha realizado los siguientes cargos: vicario parroquial de Nuevitas, ec\u00f3nomo en la parroquia de Florida, director nacional de las Pontificias Obras Misioneras, p\u00e1rroco de Santa Cruz del Sur, responsable del comit\u00e9 diocesano que coordin\u00f3 la visita de san Juan Pablo II a Camag\u00fcey, p\u00e1rroco de la merced, rector de la casa diocesana, vicario episcopal para la ciudad de Camag\u00fcey y director del bolet\u00edn diocesano de Camag\u00fcey. <\/span><\/p>\n<p style=\"text-align: justify\"><span style=\"font-weight: 400\">El 13 de diciembre de 2006 fue nombrado obispo de Guant\u00e1namo-Baracoa y recibi\u00f3 la consagraci\u00f3n episcopal el 27 de enero de 2007. <\/span><\/p>\n<p><span class=\"et_bloom_bottom_trigger\"><\/span><\/p>\n<p><a href=\"https:\/\/es.zenit.org\/\" target=\"_blank\" rel=\"nofollow\">Fuente: es.zenit.org<\/a><\/p>\n","protected":false},"excerpt":{"rendered":"<p>(ZENIT &#8211; Ciudad del Vaticano).-\u00a0El papa Francisco ha nombrado arzobispo metropolita de Camag\u00fcey, Cuba, a monse\u00f1or Wilfredo Pino Este\u0301vez, traslad\u00e1ndolo desde la di\u00f3cesis de Guant\u00e1namo-Baracoa. Monse\u00f1or Wilfredo Pino Este\u0301vez naci\u00f3 en Camagu\u0308ey el 12 de octubre de 1950. Realiz\u00f3 los estudios en Filosof\u00eda y Teolog\u00eda en el seminario mayor San Carlos y San Ambrosio en &hellip; <a href=\"https:\/\/www.biblia.work\/noticias\/cuba-el-papa-nombra-nuevo-arzobispo-de-camaguey\/\" class=\"more-link\">Continuar leyendo<span class=\"screen-reader-text\"> \u00abCuba: El Papa nombra nuevo arzobispo de Camag\u00fcey\u00bb<\/span><\/a><\/p>\n","protected":false},"author":1,"featured_media":0,"comment_status":"open","ping_status":"closed","sticky":false,"template":"","format":"standard","meta":{"footnotes":""},"categories":[1],"tags":[],"class_list":["post-9658","post","type-post","status-publish","format-standard","hentry","category-general"],"_links":{"self":[{"href":"https:\/\/www.biblia.work\/noticias\/wp-json\/wp\/v2\/posts\/9658","targetHints":{"allow":["GET"]}}],"collection":[{"href":"https:\/\/www.biblia.work\/noticias\/wp-json\/wp\/v2\/posts"}],"about":[{"href":"https:\/\/www.biblia.work\/noticias\/wp-json\/wp\/v2\/types\/post"}],"author":[{"embeddable":true,"href":"https:\/\/www.biblia.work\/noticias\/wp-json\/wp\/v2\/users\/1"}],"replies":[{"embeddable":true,"href":"https:\/\/www.biblia.work\/noticias\/wp-json\/wp\/v2\/comments?post=9658"}],"version-history":[{"count":0,"href":"https:\/\/www.biblia.work\/noticias\/wp-json\/wp\/v2\/posts\/9658\/revisions"}],"wp:attachment":[{"href":"https:\/\/www.biblia.work\/noticias\/wp-json\/wp\/v2\/media?parent=9658"}],"wp:term":[{"taxonomy":"category","embeddable":true,"href":"https:\/\/www.biblia.work\/noticias\/wp-json\/wp\/v2\/categories?post=9658"},{"taxonomy":"post_tag","embeddable":true,"href":"https:\/\/www.biblia.work\/noticias\/wp-json\/wp\/v2\/tags?post=9658"}],"curies":[{"name":"wp","href":"https:\/\/api.w.org\/{rel}","templated":true}]}}