{"id":9663,"date":"2016-12-06T11:15:02","date_gmt":"2016-12-06T16:15:02","guid":{"rendered":"http:\/\/www.biblia.work\/noticias\/peru-presentan-el-libro-como-defender-la-fe-sin-levantar-la-voz\/"},"modified":"2016-12-06T11:15:02","modified_gmt":"2016-12-06T16:15:02","slug":"peru-presentan-el-libro-como-defender-la-fe-sin-levantar-la-voz","status":"publish","type":"post","link":"https:\/\/www.biblia.work\/noticias\/peru-presentan-el-libro-como-defender-la-fe-sin-levantar-la-voz\/","title":{"rendered":"Per\u00fa: presentan el libro \u2018C\u00f3mo defender la fe sin levantar la voz\u2019"},"content":{"rendered":"<p style=\"text-align: justify\">(ZENIT &#8211; Roma).- &#8220;<em>C\u00f3mo defender la fe sin levantar la voz<\/em>, es un libro de la editorial\u00a0Palabra\u00a0que\u00a0\u00a0proporciona a los cat\u00f3licos las claves para hablar sobre su fe en todos los ambientes, dando respuesta a las preguntas desafiantes que la sociedad contempor\u00e1nea les plantea&#8221;. As\u00ed lo explic\u00f3\u00a0uno de sus autores,\u00a0Yago de la Cierva al presentarlo la semana pasada en el\u00a0<span style=\"line-height: 1.5\">Campus Lima de la Universidad de Piura, con motivo de\u00a0su gira por\u00a0Per\u00fa.<\/span><\/p>\n<p style=\"text-align: justify\">Yago de la Cierva es doctor en Filosof\u00eda por la Universidad de Navarra y experto en Comunicaci\u00f3n Institucional por la <em>Pontificia Universit\u00e1 della Santa Croce<\/em>\u00a0, en Roma; y el coautor, Austen Ivereigh, es un periodista brit\u00e1nico y autor de la biograf\u00eda papal,\u00a0El Gran Reformador: Francisco, Retrato de un Papa Radical.<\/p>\n<p style=\"text-align: justify\">El reconocido periodista peruano Alfonso Baella, al presentar la obra que fue publicada a fines de julio y que ha ha sido traducida en siete idiomas, la catalog\u00f3 como una\u00a0interesante y estrat\u00e9gica. \u201cEs interesante porque tiene algo que nos trae el presente: c\u00f3mo comunicarnos a trav\u00e9s del nuevo escenario que nos presenta la tecnolog\u00eda. Y, estrat\u00e9gica, \u00a0porque tiene una visi\u00f3n t\u00e1ctica que nos sugiere no solo qu\u00e9 decir, sino c\u00f3mo hacerlo. El libro muestra las luces, pero tambi\u00e9n el camino\u201d.<\/p>\n<p style=\"text-align: justify\">A trav\u00e9s de tres an\u00e9cdotas, Yago de la Cierva dijo a los asistentes que el libro sugiere al lector mirar hacia d\u00f3nde se requiere encaminar temas bajo la mirada del pensamiento cristiano y a interiorizar el contenido: \u201cEl libro es un borrador para las respuestas del lector. Cada uno tiene que encontrar las propias\u201d;\u00a0 en este sentido dijo que el libro es demasiado espa\u00f1ol y recomend\u00f3 a los asistentes a \u2018hacerlo suyo\u2019.<\/p>\n<p style=\"text-align: justify\">El autor finaliz\u00f3 planteando el\u00a0desaf\u00edo para qui\u00e9n desee comunicar la fe sin levantar la voz: \u201cExplicarle a alguien que haya, por ejemplo, aplicado la eutanasia lo que piensa la Iglesia sobre ello, y conseguir que esa persona no se enfade cuando lo escuche\u201d.<\/p>\n<p><span class=\"et_bloom_bottom_trigger\"><\/span><\/p>\n<p><a href=\"https:\/\/es.zenit.org\/\" target=\"_blank\" rel=\"nofollow\">Fuente: es.zenit.org<\/a><\/p>\n","protected":false},"excerpt":{"rendered":"<p>(ZENIT &#8211; Roma).- &#8220;C\u00f3mo defender la fe sin levantar la voz, es un libro de la editorial\u00a0Palabra\u00a0que\u00a0\u00a0proporciona a los cat\u00f3licos las claves para hablar sobre su fe en todos los ambientes, dando respuesta a las preguntas desafiantes que la sociedad contempor\u00e1nea les plantea&#8221;. As\u00ed lo explic\u00f3\u00a0uno de sus autores,\u00a0Yago de la Cierva al presentarlo la &hellip; <a href=\"https:\/\/www.biblia.work\/noticias\/peru-presentan-el-libro-como-defender-la-fe-sin-levantar-la-voz\/\" class=\"more-link\">Continuar leyendo<span class=\"screen-reader-text\"> \u00abPer\u00fa: presentan el libro \u2018C\u00f3mo defender la fe sin levantar la voz\u2019\u00bb<\/span><\/a><\/p>\n","protected":false},"author":1,"featured_media":0,"comment_status":"open","ping_status":"closed","sticky":false,"template":"","format":"standard","meta":{"footnotes":""},"categories":[1],"tags":[],"class_list":["post-9663","post","type-post","status-publish","format-standard","hentry","category-general"],"_links":{"self":[{"href":"https:\/\/www.biblia.work\/noticias\/wp-json\/wp\/v2\/posts\/9663","targetHints":{"allow":["GET"]}}],"collection":[{"href":"https:\/\/www.biblia.work\/noticias\/wp-json\/wp\/v2\/posts"}],"about":[{"href":"https:\/\/www.biblia.work\/noticias\/wp-json\/wp\/v2\/types\/post"}],"author":[{"embeddable":true,"href":"https:\/\/www.biblia.work\/noticias\/wp-json\/wp\/v2\/users\/1"}],"replies":[{"embeddable":true,"href":"https:\/\/www.biblia.work\/noticias\/wp-json\/wp\/v2\/comments?post=9663"}],"version-history":[{"count":0,"href":"https:\/\/www.biblia.work\/noticias\/wp-json\/wp\/v2\/posts\/9663\/revisions"}],"wp:attachment":[{"href":"https:\/\/www.biblia.work\/noticias\/wp-json\/wp\/v2\/media?parent=9663"}],"wp:term":[{"taxonomy":"category","embeddable":true,"href":"https:\/\/www.biblia.work\/noticias\/wp-json\/wp\/v2\/categories?post=9663"},{"taxonomy":"post_tag","embeddable":true,"href":"https:\/\/www.biblia.work\/noticias\/wp-json\/wp\/v2\/tags?post=9663"}],"curies":[{"name":"wp","href":"https:\/\/api.w.org\/{rel}","templated":true}]}}