{"id":9666,"date":"2016-12-06T11:40:05","date_gmt":"2016-12-06T16:40:05","guid":{"rendered":"http:\/\/www.biblia.work\/noticias\/abrazados-a-cristo-jesus-los-jovenes-paraguayos-festejaran-a-la-virgen-de-caacupe\/"},"modified":"2016-12-06T11:40:05","modified_gmt":"2016-12-06T16:40:05","slug":"abrazados-a-cristo-jesus-los-jovenes-paraguayos-festejaran-a-la-virgen-de-caacupe","status":"publish","type":"post","link":"https:\/\/www.biblia.work\/noticias\/abrazados-a-cristo-jesus-los-jovenes-paraguayos-festejaran-a-la-virgen-de-caacupe\/","title":{"rendered":"\u201cAbrazados a Cristo Jes\u00fas\u201d los j\u00f3venes paraguayos festejar\u00e1n a la Virgen de Caacup\u00e9"},"content":{"rendered":"<p> <img src='http:\/\/media02.radiovaticana.va\/photo\/2015\/11\/27\/AFP4760409_Thumbnail.jpg' alt='' align='left' hspace='5'> <\/p>\n<p>(RV).-<strong> &quot;Hambre y sed de justicia&quot;<\/strong>&nbsp;es el t&iacute;tulo del programa&nbsp;&laquo;Tu palabra me da Vida&raquo;&nbsp;de hoy. En esta ocasi&oacute;n,&nbsp;Monse&ntilde;or&nbsp;<strong>Fernando Chica Arellano<\/strong> -observador permanente de la Santa Sede ante los organismos de las Naciones Unidas para la Agricultura y la Alimentaci&oacute;n en Roma-,&nbsp;reflexiona acerca del pasaje del Evangelio seg&uacute;n San Mateo:&nbsp;<strong>&quot;Bienaventurados los que tienen hambre y sed de justicia, porque ellos ser&aacute;n saciados&quot;&nbsp;<\/strong>(5, 6).<\/p>\n<p><span><br \/>\n<audio class=\"video-js vjs-default-skin vjs-big-play-button-centered rv-custom-audio\" controls=\"\" id=\"audioItem_9058391\" preload=\"none\"><\/audio><br \/>\n<span class=\"rv-audio-download\"><a href=\"http:\/\/media02.radiovaticana.va\/audio\/audio2\/mp3\/00560747.mp3\" title=\"Download audio\"><img decoding=\"async\" src=\"http:\/\/es.radiovaticana.va\/Modules\/Presentation\/Styles\/images-common\/icons\/download-audio-mp3_off.png\" style=\"height: 30px\" \/><\/a><\/span> <\/span><\/p>\n<p>Esta bienaventuranza es un aldabonazo que nos quiere sacudir y <strong>librarnos de nuestra indiferencia<\/strong>. A prop&oacute;sito de esta lacra tan extendida, que endurece el coraz&oacute;n, el Papa Francisco dijo palabras muy claras, en su mensaje para la Cuaresma de 2015: &ldquo;Cuando estamos bien y nos sentimos a gusto, <strong>nos olvidamos de los dem&aacute;s<\/strong> (algo que Dios Padre no hace jam&aacute;s), no nos interesan sus problemas, ni sus sufrimientos, ni las injusticias que padecen&hellip; Esta actitud ego&iacute;sta, de indiferencia, ha alcanzado hoy una dimensi&oacute;n mundial, hasta tal punto que podemos hablar de una globalizaci&oacute;n de la indiferencia&rdquo;.<\/p>\n<p>Dios detesta la indiferencia humana. Y Jes&uacute;s, con su ejemplo, nos mostr&oacute; un estilo de vida contrario a esta par&aacute;lisis del alma, que es la indiferencia humana. Sabemos bien que &Eacute;l nunca se encerr&oacute; en s&iacute; mismo. Al contrario, su alimento fue <strong>hacer la voluntad de Dios<\/strong>, su Padre, llevando a t&eacute;rmino su obra (cf. Jn 4,34). Igual hicieron los santos. Oigamos el testimonio de Santa Teresa de Jes&uacute;s: &ldquo;C&uacute;mplase, Se&ntilde;or, en m&iacute; T&uacute; voluntad de todos los modos y maneras que T&uacute;, Se&ntilde;or m&iacute;o, quieras; si quieres con trabajos, dame fuerza y vengan; si con persecuciones y enfermedades y deshonras y pobrezas, aqu&iacute; estoy, no volver&eacute; el rostro, Padre m&iacute;o, ni es justo que vuelva las espaldas.&rdquo; (Cf. Camino de Perfecci&oacute;n 32, 10).<\/p>\n<p>Solo quien se alimenta de la voluntad de Dios Padre tiene verdadera hambre y su sed de justicia social. Quien tiene a Dios dentro de su alma no soporta las injusticias que hay en el mundo, antes bien,<strong> pone lo mejor de su parte<\/strong> para solucionarlas. A este respecto, nos recordaba Benedicto XVI en su enc&iacute;clica Deus caritas est: La Iglesia&nbsp; &ldquo;no puede ni debe sustituir al Estado. Pero tampoco puede ni debe quedarse al margen en la<strong> lucha por la justicia<\/strong>&rdquo; (n. 28).<\/p>\n<p>A la luz de lo dicho, te puedes preguntar: &iquest;He perdido el apetito de Dios? &iquest;Puedo decir con el salmo 41: &quot;Mi alma tiene sed del Dios vivo&quot;?<\/p>\n<p>El Beato &Oacute;scar Arnulfo Romero no se cansaba de repetir que, si bien la justicia en sentido b&iacute;blico se refiere a la buena relaci&oacute;n entre el hombre y Dios, &ldquo;es tambi&eacute;n <strong>la victoria de Dios sobre la maldad del hombre<\/strong>&rdquo;; por eso &ndash;dec&iacute;a este insigne Obispo: &ldquo;&iexcl;Dichosos los que la anhelan!, porque ellos quedar&aacute;n saciados, ver&aacute;n c&oacute;mo se cumple esta alegr&iacute;a, c&oacute;mo se llena esta hambre&rdquo;.<\/p>\n<p>Preg&uacute;ntate: &iquest;Es mi coraz&oacute;n fuente de injusticias? &iquest;Me dejo visitar por la justicia de Dios? &iquest;Me duelen las injusticias del mundo? &iquest;qu&eacute; hago para que no haya injusticia en mi entorno?<\/p>\n<p>Quiz&aacute; te parezca que no est&aacute; en tu mano hacer desaparecer todas las injusticias del mundo. No te desanimes por ello. Haz lo que puedas. <strong>Siembra bondad a tu alrededor. <\/strong>No te agobies por no poder con tu sola fuerza instaurar una justicia total y global. Sobre todo, deja que tu coraz&oacute;n sea visitado y estimulado por estas palabras del evangelio: &ldquo;Dios, &iquest;no har&aacute; justicia a sus elegidos que claman ante &Eacute;l d&iacute;a y noche?; &iquest;o les har&aacute; esperar? <strong>Os digo que les har&aacute; justicia sin tardar<\/strong>&rdquo; (Lc 18, 7-8).<\/p>\n<p>(Mireia Bonilla para RV)<\/p>\n<p>&nbsp;<\/p>\n<p><a href=\"http:\/\/es.radiovaticana.va\" target=\"_blank\" rel=\"nofollow\">Fuente: es.radiovaticana.va<\/a><\/p>\n","protected":false},"excerpt":{"rendered":"<p>(RV).- &quot;Hambre y sed de justicia&quot;&nbsp;es el t&iacute;tulo del programa&nbsp;&laquo;Tu palabra me da Vida&raquo;&nbsp;de hoy. En esta ocasi&oacute;n,&nbsp;Monse&ntilde;or&nbsp;Fernando Chica Arellano -observador permanente de la Santa Sede ante los organismos de las Naciones Unidas para la Agricultura y la Alimentaci&oacute;n en Roma-,&nbsp;reflexiona acerca del pasaje del Evangelio seg&uacute;n San Mateo:&nbsp;&quot;Bienaventurados los que tienen hambre y sed &hellip; <a href=\"https:\/\/www.biblia.work\/noticias\/abrazados-a-cristo-jesus-los-jovenes-paraguayos-festejaran-a-la-virgen-de-caacupe\/\" class=\"more-link\">Continuar leyendo<span class=\"screen-reader-text\"> \u00ab\u201cAbrazados a Cristo Jes\u00fas\u201d los j\u00f3venes paraguayos festejar\u00e1n a la Virgen de Caacup\u00e9\u00bb<\/span><\/a><\/p>\n","protected":false},"author":1,"featured_media":0,"comment_status":"open","ping_status":"closed","sticky":false,"template":"","format":"standard","meta":{"footnotes":""},"categories":[1],"tags":[],"class_list":["post-9666","post","type-post","status-publish","format-standard","hentry","category-general"],"_links":{"self":[{"href":"https:\/\/www.biblia.work\/noticias\/wp-json\/wp\/v2\/posts\/9666","targetHints":{"allow":["GET"]}}],"collection":[{"href":"https:\/\/www.biblia.work\/noticias\/wp-json\/wp\/v2\/posts"}],"about":[{"href":"https:\/\/www.biblia.work\/noticias\/wp-json\/wp\/v2\/types\/post"}],"author":[{"embeddable":true,"href":"https:\/\/www.biblia.work\/noticias\/wp-json\/wp\/v2\/users\/1"}],"replies":[{"embeddable":true,"href":"https:\/\/www.biblia.work\/noticias\/wp-json\/wp\/v2\/comments?post=9666"}],"version-history":[{"count":0,"href":"https:\/\/www.biblia.work\/noticias\/wp-json\/wp\/v2\/posts\/9666\/revisions"}],"wp:attachment":[{"href":"https:\/\/www.biblia.work\/noticias\/wp-json\/wp\/v2\/media?parent=9666"}],"wp:term":[{"taxonomy":"category","embeddable":true,"href":"https:\/\/www.biblia.work\/noticias\/wp-json\/wp\/v2\/categories?post=9666"},{"taxonomy":"post_tag","embeddable":true,"href":"https:\/\/www.biblia.work\/noticias\/wp-json\/wp\/v2\/tags?post=9666"}],"curies":[{"name":"wp","href":"https:\/\/api.w.org\/{rel}","templated":true}]}}