{"id":9669,"date":"2016-12-06T12:15:02","date_gmt":"2016-12-06T17:15:02","guid":{"rendered":"http:\/\/www.biblia.work\/noticias\/chile-concierto-familiar-de-adviento-para-rescatar-el-sentido-de-la-navidad\/"},"modified":"2016-12-06T12:15:02","modified_gmt":"2016-12-06T17:15:02","slug":"chile-concierto-familiar-de-adviento-para-rescatar-el-sentido-de-la-navidad","status":"publish","type":"post","link":"https:\/\/www.biblia.work\/noticias\/chile-concierto-familiar-de-adviento-para-rescatar-el-sentido-de-la-navidad\/","title":{"rendered":"Chile: concierto familiar de Adviento para rescatar el sentido de la Navidad"},"content":{"rendered":"<p style=\"text-align: justify\">(ZENIT \u2013 Roma).- El VII Concierto de Adviento se realiz\u00f3 el 3 de diciembre en Santiago de Chile, con una importante participaci\u00f3n de ni\u00f1os, j\u00f3venes y adultos, en torno al pesebre preparado por la Universidad Cat\u00f3lica (UC).<\/p>\n<p style=\"text-align: justify\">Lo inform\u00f3 la direcci\u00f3n de Pastoral y Cultura Cristiana UC, se\u00f1alando que el evento inici\u00f3 con las palabras de bienvenida del cardenal arzobispo de Santiago, Ricardo Ezzati. \u201cVamos a participar en esta iniciativa de la Pontificia Universidad Cat\u00f3lica que nos ayuda a abrir el coraz\u00f3n a lo que es la Navidad. Sin Jes\u00fas no hay Navidad, porque a quien celebramos es justamente al Hijo de Dios, que se ha hecho ni\u00f1o en medio de nosotros para ense\u00f1arnos a descubrir la bondad del coraz\u00f3n grande de Dios\u201d, dijo el gran canciller de la UC a los asistentes. A continuaci\u00f3n, el arzobispo bendijo al Ni\u00f1o Jes\u00fas que fue llevado por dos consagradas al pesebre.<\/p>\n<p style=\"text-align: justify\">La parte m\u00e1s emocionante del acto fueron los villancicos chilenos, interpretados por el Grupo Folkl\u00f3rico de Funcionarios UC, donde destacaron \u201cDe Cucao a Bel\u00e9n\u201d, \u201cSe\u00f1ora do\u00f1a Mar\u00eda\u201d, \u201cYo vengo de Colliguay\u201d y \u201cVamos a Bel\u00e9n, pastores\u201d, entre otros. Esto, en torno a la obra de teatro &#8220;Ant\u00fc Kac\u00fc: d\u00edas de compartir\u201d, que relat\u00f3 el encuentro cultural entre mapuches y chilenos en torno a la fiesta de la Navidad.<\/p>\n<p style=\"text-align: justify\">Uno de los minutos m\u00e1s especiales del d\u00eda fue la entrega de las ofrendas por parte de tres integrantes de la comunidad UC. Al igual que como la familia mapuche decidi\u00f3 hacer un regalo a Dios hecho ni\u00f1o, ellos fueron los encargados de entregar todos los anhelos que, al entrar a este concierto, escribieron los asistentes, quienes agradecieron el a\u00f1o que concluy\u00f3 y pidieron por el tiempo que viene.<\/p>\n<p style=\"text-align: justify\">Finalmente, fue el rector de la universidad, Ignacio S\u00e1nchez, el encargado de cerrar esta linda fiesta. \u201cLa Sagrada Familia nos conmueve dentro de su humildad y esp\u00edritu de santidad. La Virgen y san Jos\u00e9 caminan hacia el coraz\u00f3n de todos nosotros en la forma de un pesebre, para que all\u00ed nazca el ni\u00f1o que nos trae la Buena Nueva y un regalo de amor para todos\u201d, dijo, invitando a los asistentes a preguntarse \u201c\u00bfa qui\u00e9n acoges t\u00fa en esta Navidad? Jes\u00fas, Mar\u00eda y Jos\u00e9 fueron acogidos por los hombres de buena voluntad en el nacimiento de Jes\u00fas.<\/p>\n<p><span class=\"et_bloom_bottom_trigger\"><\/span><\/p>\n<p><a href=\"https:\/\/es.zenit.org\/\" target=\"_blank\" rel=\"nofollow\">Fuente: es.zenit.org<\/a><\/p>\n","protected":false},"excerpt":{"rendered":"<p>(ZENIT \u2013 Roma).- El VII Concierto de Adviento se realiz\u00f3 el 3 de diciembre en Santiago de Chile, con una importante participaci\u00f3n de ni\u00f1os, j\u00f3venes y adultos, en torno al pesebre preparado por la Universidad Cat\u00f3lica (UC). Lo inform\u00f3 la direcci\u00f3n de Pastoral y Cultura Cristiana UC, se\u00f1alando que el evento inici\u00f3 con las palabras &hellip; <a href=\"https:\/\/www.biblia.work\/noticias\/chile-concierto-familiar-de-adviento-para-rescatar-el-sentido-de-la-navidad\/\" class=\"more-link\">Continuar leyendo<span class=\"screen-reader-text\"> \u00abChile: concierto familiar de Adviento para rescatar el sentido de la Navidad\u00bb<\/span><\/a><\/p>\n","protected":false},"author":1,"featured_media":0,"comment_status":"open","ping_status":"closed","sticky":false,"template":"","format":"standard","meta":{"footnotes":""},"categories":[1],"tags":[],"class_list":["post-9669","post","type-post","status-publish","format-standard","hentry","category-general"],"_links":{"self":[{"href":"https:\/\/www.biblia.work\/noticias\/wp-json\/wp\/v2\/posts\/9669","targetHints":{"allow":["GET"]}}],"collection":[{"href":"https:\/\/www.biblia.work\/noticias\/wp-json\/wp\/v2\/posts"}],"about":[{"href":"https:\/\/www.biblia.work\/noticias\/wp-json\/wp\/v2\/types\/post"}],"author":[{"embeddable":true,"href":"https:\/\/www.biblia.work\/noticias\/wp-json\/wp\/v2\/users\/1"}],"replies":[{"embeddable":true,"href":"https:\/\/www.biblia.work\/noticias\/wp-json\/wp\/v2\/comments?post=9669"}],"version-history":[{"count":0,"href":"https:\/\/www.biblia.work\/noticias\/wp-json\/wp\/v2\/posts\/9669\/revisions"}],"wp:attachment":[{"href":"https:\/\/www.biblia.work\/noticias\/wp-json\/wp\/v2\/media?parent=9669"}],"wp:term":[{"taxonomy":"category","embeddable":true,"href":"https:\/\/www.biblia.work\/noticias\/wp-json\/wp\/v2\/categories?post=9669"},{"taxonomy":"post_tag","embeddable":true,"href":"https:\/\/www.biblia.work\/noticias\/wp-json\/wp\/v2\/tags?post=9669"}],"curies":[{"name":"wp","href":"https:\/\/api.w.org\/{rel}","templated":true}]}}