{"id":9674,"date":"2016-12-06T13:10:03","date_gmt":"2016-12-06T18:10:03","guid":{"rendered":"http:\/\/www.biblia.work\/noticias\/presidente-turco-amenaza-a-israel-e-insta-musulmanes-luchar-por-palestina\/"},"modified":"2016-12-06T13:10:03","modified_gmt":"2016-12-06T18:10:03","slug":"presidente-turco-amenaza-a-israel-e-insta-musulmanes-luchar-por-palestina","status":"publish","type":"post","link":"https:\/\/www.biblia.work\/noticias\/presidente-turco-amenaza-a-israel-e-insta-musulmanes-luchar-por-palestina\/","title":{"rendered":"Presidente turco amenaza a Israel e insta musulmanes luchar por Palestina"},"content":{"rendered":"<p style=\"text-align: justify\">PALESTINA. &#8211; El Presidente de Turqu\u00eda, Recep Tayyip Erdogan, recientemente inst\u00f3 a todos los musulmanes del mundo a defender la causa palestina, tomando una postura firme en contra de Israel. El anuncio se produjo de forma inesperada, ahora que se encaminaba a la normalizaci\u00f3n de las relaciones entre los dos pa\u00edses, rotas desde 2010.<\/p>\n<p style=\"text-align: justify\">En un simposio sobre el Al Quds &#8211; t\u00e9rmino isl\u00e1mico para referirse a Jerusal\u00e9n &#8211; celebrada en Estambul, Erdogan dijo que &#8220;todos los musulmanes tienen el deber de apoyar la causa palestina y proteger Jerusal\u00e9n&#8221;, y a\u00f1adi\u00f3 que la seguridad de la mezquita de Al-Aqsa no debe ser dejado en manos de &#8220;ni\u00f1os armados con piedras.&#8221;<\/p>\n<p style=\"text-align: justify\">De acuerdo con el sitio web turco TRT, que reprodujo el discurso, critic\u00f3 a la ONU por no intervenir directamente en la tierra de Israel y dijo: &#8220;La \u00fanica manera de lograr una paz duradera en el Oriente Medio, es el establecimiento de un estado palestino independiente y soberano, y Jerusal\u00e9n Oriental como su capital. Por tanto, es necesario que la comunidad internacional aumente su apoyo a Palestina&#8221;.<\/p>\n<p style=\"text-align: justify\">Durante el evento, Erdogan tambi\u00e9n dio &#8220;pistas&#8221; donde pretende aprovechar su presencia en Siria para anexar partes del territorio, una demostraci\u00f3n visible que contin\u00faa con sus planes para restaurar el Imperio Otomano, extendiendo su dominio hacia el sur, en direcci\u00f3n a Israel.<\/p>\n<p style=\"text-align: justify\">A finales de noviembre, el ministro de Defensa de Israel, Avigdor Lieberman, pidi\u00f3 a los europeos a adoptar una pol\u00edtica m\u00e1s dura hacia Turqu\u00eda. Hizo hincapi\u00e9 en que, desde el intento de golpe de estado fallido en julio, el presidente Erdogan recibi\u00f3 poderes legislativos que le permiten controlar los medios de comunicaci\u00f3n, as\u00ed como destituir a los jueces y a los maestros.<\/p>\n<p style=\"text-align: justify\">El pasado domingo, Erdogan critic\u00f3 un proyecto de ley debatido en Israel, que proh\u00edbe el uso de altavoces en mezquitas para llamar a los musulmanes a la oraci\u00f3n desde la medianoche hasta las primeras horas de la ma\u00f1ana del d\u00eda. Esto enfureci\u00f3 a los musulmanes, porque todos los d\u00edas est\u00e1n llamados a hacer sus oraciones.<\/p>\n<p style=\"text-align: justify\">En una llamada telef\u00f3nica al presidente de Israel, Reuven Rivlin, Erdogan atac\u00f3 la iniciativa, diciendo que era &#8220;inapropiada porque perjudica la libertad de expresi\u00f3n y la libertad de religi\u00f3n.&#8221; Curiosamente, ninguna de las dos cosas est\u00e1n presentes en Turqu\u00eda, gobernada por \u00e9l durante m\u00e1s de una d\u00e9cada.<\/p>\n<p style=\"text-align: justify\">El a\u00f1o pasado, cuando a\u00fan exist\u00eda la ley, \u00e9l ya estaba hablando de invadir a Israel a hacer de Jerusal\u00e9n en nombre de &#8220;todos los musulmanes&#8221;.<\/p>\n<p style=\"text-align: justify\">En una reciente entrevista con la televisi\u00f3n israel\u00ed, el presidente de Turqu\u00eda insiste en que el gobierno israel\u00ed debe &#8220;respetar la santidad&#8221; del Monte del Templo, donde actualmente es la &#8220;explanada de las mezquitas&#8221;.<\/p>\n<p style=\"text-align: justify\">El discurso tambi\u00e9n se hace eco de lo que ha sido impuesto por la UNESCO, que niega los lazos de jud\u00edos con el sitio.<\/p>\n<p style=\"text-align: justify\">La entrada <a rel=\"nofollow\" href=\"http:\/\/www.noticiacristiana.com\/sociedad\/2016\/12\/presidente-turco-amenaza-israel.html\">Presidente turco amenaza a Israel e insta musulmanes luchar por Palestina<\/a> aparece primero en <a rel=\"nofollow\" href=\"http:\/\/www.noticiacristiana.com\">NoticiaCristiana.com<\/a>.<\/p>\n","protected":false},"excerpt":{"rendered":"<p>PALESTINA. &#8211; El Presidente de Turqu\u00eda, Recep Tayyip Erdogan, recientemente inst\u00f3 a todos los musulmanes del mundo a defender la causa palestina, tomando una postura firme en contra de Israel. El anuncio se produjo de forma inesperada, ahora que se encaminaba a la normalizaci\u00f3n de las relaciones entre los dos pa\u00edses, rotas desde 2010. En &hellip; <a href=\"https:\/\/www.biblia.work\/noticias\/presidente-turco-amenaza-a-israel-e-insta-musulmanes-luchar-por-palestina\/\" class=\"more-link\">Continuar leyendo<span class=\"screen-reader-text\"> \u00abPresidente turco amenaza a Israel e insta musulmanes luchar por Palestina\u00bb<\/span><\/a><\/p>\n","protected":false},"author":1,"featured_media":0,"comment_status":"open","ping_status":"closed","sticky":false,"template":"","format":"standard","meta":{"footnotes":""},"categories":[1],"tags":[],"class_list":["post-9674","post","type-post","status-publish","format-standard","hentry","category-general"],"_links":{"self":[{"href":"https:\/\/www.biblia.work\/noticias\/wp-json\/wp\/v2\/posts\/9674","targetHints":{"allow":["GET"]}}],"collection":[{"href":"https:\/\/www.biblia.work\/noticias\/wp-json\/wp\/v2\/posts"}],"about":[{"href":"https:\/\/www.biblia.work\/noticias\/wp-json\/wp\/v2\/types\/post"}],"author":[{"embeddable":true,"href":"https:\/\/www.biblia.work\/noticias\/wp-json\/wp\/v2\/users\/1"}],"replies":[{"embeddable":true,"href":"https:\/\/www.biblia.work\/noticias\/wp-json\/wp\/v2\/comments?post=9674"}],"version-history":[{"count":0,"href":"https:\/\/www.biblia.work\/noticias\/wp-json\/wp\/v2\/posts\/9674\/revisions"}],"wp:attachment":[{"href":"https:\/\/www.biblia.work\/noticias\/wp-json\/wp\/v2\/media?parent=9674"}],"wp:term":[{"taxonomy":"category","embeddable":true,"href":"https:\/\/www.biblia.work\/noticias\/wp-json\/wp\/v2\/categories?post=9674"},{"taxonomy":"post_tag","embeddable":true,"href":"https:\/\/www.biblia.work\/noticias\/wp-json\/wp\/v2\/tags?post=9674"}],"curies":[{"name":"wp","href":"https:\/\/api.w.org\/{rel}","templated":true}]}}