{"id":9676,"date":"2016-12-06T13:15:02","date_gmt":"2016-12-06T18:15:02","guid":{"rendered":"http:\/\/www.biblia.work\/noticias\/el-santo-padre-crear-centellas-de-belleza-para-remendar-un-tejido-social-lacerado\/"},"modified":"2016-12-06T13:15:02","modified_gmt":"2016-12-06T18:15:02","slug":"el-santo-padre-crear-centellas-de-belleza-para-remendar-un-tejido-social-lacerado","status":"publish","type":"post","link":"https:\/\/www.biblia.work\/noticias\/el-santo-padre-crear-centellas-de-belleza-para-remendar-un-tejido-social-lacerado\/","title":{"rendered":"El Santo Padre: Crear centellas de belleza para remendar un tejido social lacerado"},"content":{"rendered":"<p style=\"text-align: justify\">(ZENIT \u2013 Roma).- El papa Francisco envi\u00f3 un mensaje al congreso organizado por la Pontificia Academia de las Ciencias, que se realiz\u00f3 este martes por la tarde en Roma, en el Palacio de la Canciller\u00eda, con el t\u00edtulo \u201cCentellas de belleza para que las ciudades tengan un rostro humano\u201d.<\/p>\n<p style=\"text-align: justify\">El congreso tuvo la participaci\u00f3n del cardenal Gianfranco Ravasi, presidente del Consejo Pontificio de la Cultura y antes de entregar el Premio 2016 de las Pontificias Academias, el cardenal secretario de estado Pietro Parolin ley\u00f3 el mensaje del papa Francisco.<\/p>\n<p style=\"text-align: justify\">El Santo Padre indica adem\u00e1s quienes son los ganadores del galard\u00f3n: la doctora Chiara Bertoglio, por su investigaci\u00f3n en el sector musical; el Dr. Claudio Cianfaglioni por su investigaci\u00f3n po\u00e9tica y literaria de nuestro tiempo. Adem\u00e1s de la Medalla del Pontificado conferida al Dr. Michele Vannelli, maestro del coro de la bas\u00edlica de San Petronio en Bolonia, y al Sr. Francesco Lorenzi, music\u00f3logo y fundador grupo musical <em>The Sun<\/em>.<\/p>\n<p style=\"text-align: justify\">Francisco record\u00f3 cuando Benedicto XVI se dirigi\u00f3 en el 2009 a los artistas reunidos en la Capilla Sixtina, les se\u00f1al\u00f3\u00a0que los tiempos actuales est\u00e1n marcados por \u201cfen\u00f3menos negativos a nivel social y econ\u00f3mico\u201d as\u00ed como por \u201cla desconfianza en las relaciones humanas\u201d lo que lleva a ver signos de \u201cresignaci\u00f3n, de agresividad y de desesperaci\u00f3n&#8230;\u201d. Y se\u00f1al\u00f3 qu\u00e9 es lo que puede ayudar a encontrar el camino y a levantar la mirada: \u201cla belleza\u201d.<\/p>\n<p style=\"text-align: justify\">Por ello\u00a0Francisco elogi\u00f3 los proyectos de recalificaci\u00f3n de las periferias urbanas de las grandes metr\u00f3polis, elaboradas por arquitectos que proponen justamente \u201ccentellas\u201d de belleza, peque\u00f1as intervenciones urbanas, arquitect\u00f3nicas y art\u00edsticas.<\/p>\n<p style=\"text-align: justify\">Porque \u201cpeque\u00f1os gestos, simples acciones, peque\u00f1as centellas de caridad pueden curar \u201cremendar\u201d un tejido humano, tambi\u00e9n urbano y ambiental, muchas veces lacerado y dividido, representando una concreta alternativa a la indiferencia y al cinismo\u201d. Una tarea que invita \u201cparticularmente de los que son creyentes y se dejan iluminar por la belleza del evangelio de Cristo\u201d.<\/p>\n<p style=\"text-align: justify\">Cit\u00f3 as\u00ed al escritor italiano Italo Calvino, quien afirmaba que \u201clas ciudades como los sue\u00f1os est\u00e1n construidas de deseos y miedos\u201d, y el Santo Padre lament\u00f3 que se haya dejado \u201cm\u00e1s espacio al miedo que a los deseos y a los sue\u00f1os m\u00e1s bellos de las personas, especialmente de los m\u00e1s j\u00f3venes\u201d:<\/p>\n<p style=\"text-align: justify\">Record\u00f3 que en su enc\u00edclica Laudato Si&#8217; subraya \u201cla relaci\u00f3n que hay entre una adecuada educaci\u00f3n est\u00e9tica y el mantenimiento de un ambiente sano\u201d porque \u201cdar atenci\u00f3n a la belleza y amarla nos ayuda a salir del pragmatismo utilitario\u201d. Y pidi\u00f3 tambi\u00e9n por ello, dar atenci\u00f3n a los m\u00e1s peque\u00f1os e indefensos.<\/p>\n<p><span class=\"et_bloom_bottom_trigger\"><\/span><\/p>\n<p><a href=\"https:\/\/es.zenit.org\/\" target=\"_blank\" rel=\"nofollow\">Fuente: es.zenit.org<\/a><\/p>\n","protected":false},"excerpt":{"rendered":"<p>(ZENIT \u2013 Roma).- El papa Francisco envi\u00f3 un mensaje al congreso organizado por la Pontificia Academia de las Ciencias, que se realiz\u00f3 este martes por la tarde en Roma, en el Palacio de la Canciller\u00eda, con el t\u00edtulo \u201cCentellas de belleza para que las ciudades tengan un rostro humano\u201d. El congreso tuvo la participaci\u00f3n del &hellip; <a href=\"https:\/\/www.biblia.work\/noticias\/el-santo-padre-crear-centellas-de-belleza-para-remendar-un-tejido-social-lacerado\/\" class=\"more-link\">Continuar leyendo<span class=\"screen-reader-text\"> \u00abEl Santo Padre: Crear centellas de belleza para remendar un tejido social lacerado\u00bb<\/span><\/a><\/p>\n","protected":false},"author":1,"featured_media":0,"comment_status":"open","ping_status":"closed","sticky":false,"template":"","format":"standard","meta":{"footnotes":""},"categories":[1],"tags":[],"class_list":["post-9676","post","type-post","status-publish","format-standard","hentry","category-general"],"_links":{"self":[{"href":"https:\/\/www.biblia.work\/noticias\/wp-json\/wp\/v2\/posts\/9676","targetHints":{"allow":["GET"]}}],"collection":[{"href":"https:\/\/www.biblia.work\/noticias\/wp-json\/wp\/v2\/posts"}],"about":[{"href":"https:\/\/www.biblia.work\/noticias\/wp-json\/wp\/v2\/types\/post"}],"author":[{"embeddable":true,"href":"https:\/\/www.biblia.work\/noticias\/wp-json\/wp\/v2\/users\/1"}],"replies":[{"embeddable":true,"href":"https:\/\/www.biblia.work\/noticias\/wp-json\/wp\/v2\/comments?post=9676"}],"version-history":[{"count":0,"href":"https:\/\/www.biblia.work\/noticias\/wp-json\/wp\/v2\/posts\/9676\/revisions"}],"wp:attachment":[{"href":"https:\/\/www.biblia.work\/noticias\/wp-json\/wp\/v2\/media?parent=9676"}],"wp:term":[{"taxonomy":"category","embeddable":true,"href":"https:\/\/www.biblia.work\/noticias\/wp-json\/wp\/v2\/categories?post=9676"},{"taxonomy":"post_tag","embeddable":true,"href":"https:\/\/www.biblia.work\/noticias\/wp-json\/wp\/v2\/tags?post=9676"}],"curies":[{"name":"wp","href":"https:\/\/api.w.org\/{rel}","templated":true}]}}