{"id":9680,"date":"2016-12-06T14:05:03","date_gmt":"2016-12-06T19:05:03","guid":{"rendered":"http:\/\/www.biblia.work\/noticias\/tenia-15-anos-era-un-ciberapostol-de-la-eucaristia-y-da-nuevo-paso-a-la-santidad\/"},"modified":"2016-12-06T14:05:03","modified_gmt":"2016-12-06T19:05:03","slug":"tenia-15-anos-era-un-ciberapostol-de-la-eucaristia-y-da-nuevo-paso-a-la-santidad","status":"publish","type":"post","link":"https:\/\/www.biblia.work\/noticias\/tenia-15-anos-era-un-ciberapostol-de-la-eucaristia-y-da-nuevo-paso-a-la-santidad\/","title":{"rendered":"Ten\u00eda 15 a\u00f1os, era un ciberap\u00f3stol de la Eucarist\u00eda y da nuevo paso a la santidad"},"content":{"rendered":"<p> ROMA, 06 Dic. 16 (ACI).-<br \/>\n\tEl 24 de noviembre de 2016 se cerr&oacute; la fase diocesana del proceso de beatificaci&oacute;n de Carlo Acutis, un muchacho que falleci&oacute; a los 15 a&ntilde;os de edad tras sufrir una leucemia fulminante cuyos sufrimientos ofreci&oacute; por el Papa y la Iglesia. Su vida transcurri&oacute; entre la pasi&oacute;n por la inform&aacute;tica, la Misa diaria y el rezo del rosario.<\/p>\n<p style=\"text-align: justify\">\n\tAhora con el cierre de la fase diocesana que estuvo a cargo de la Arquidi&oacute;cesis de Mil&aacute;n, liderada por el Cardenal Angelo Scola, la causa pasa al estudio del Vaticano.<\/p>\n<p style=\"text-align: justify\">\n\tEste joven naci&oacute; el 3 de mayo de 1991 en Londres (Inglaterra), donde resid&iacute;a su familia por motivos laborales. Despu&eacute;s se mudaron a Mil&aacute;n y comenz&oacute; asistir a una escuela local. Hizo la Primera Comuni&oacute;n a los 7 a&ntilde;os de edad.<\/p>\n<p style=\"text-align: justify\">\n\tSu vida estuvo marcada por un profundo amor a la Eucarist&iacute;a, a la que consideraba como &ldquo;autopista hacia el cielo&rdquo; e iba todos los d&iacute;as a Misa sin falta.<\/p>\n<p style=\"text-align: justify\">\n\tLlev&oacute; una intensa vida de oraci&oacute;n y tuvo devoci&oacute;n a la Virgen Mar&iacute;a, a la que consideraba su confidente y rezaba el Rosario a diario. Daba clases de catecismo a los ni&ntilde;os y ayudaba a las personas que viv&iacute;an en la calle.<\/p>\n<p style=\"text-align: justify\">\n\tIde&oacute; lo que algunos llamaron un &ldquo;kit para hacerse santo&rdquo; compuesto por la Misa, la Comuni&oacute;n, el Rosario, la lectura diaria de la Biblia, la confesi&oacute;n y la entrega a los dem&aacute;s.<\/p>\n<p style=\"text-align: justify\">\n\tDesde peque&ntilde;o tambi&eacute;n desarroll&oacute; su talento y pasi&oacute;n por la inform&aacute;tica, tanto as&iacute; que los adultos que lo conoc&iacute;an lo consideraban un genio.<\/p>\n<p style=\"text-align: justify\">\n\tDise&ntilde;&oacute; y cre&oacute; varias exposiciones entre las que destaca una sobre los milagros eucar&iacute;sticos en todo el mundo.<\/p>\n<p style=\"text-align: justify\">\n\tSeg&uacute;n indica el sitio web Famiglia Cristiana, antes de saber que estaba enfermo el muchacho hizo un video donde dijo que si mor&iacute;a le gustar&iacute;a que lo enterraran en As&iacute;s, donde actualmente reposan sus restos. &nbsp;<\/p>\n<p style=\"text-align: justify\">\n\tCuando se enter&oacute; de su enfermedad Carlo decidi&oacute; ofrecer sus sufrimientos por el Papa y la Iglesia Cat&oacute;lica. Falleci&oacute; el 12 de octubre de 2006 en la fiesta de la Virgen del Pilar.<\/p>\n<p style=\"text-align: justify\">\n\tEn 2007 el periodista del diario vaticano L&#039;Osservatore Romano, Nicola Gori, public&oacute; el libro &quot;Eucarist&iacute;a. Mi autopista para el cielo: Biograf&iacute;a de Carlo Acutis&quot; y el 26 de octubre de este a&ntilde;o tambi&eacute;n present&oacute; en el Vaticano su nuevo libro &ldquo;Un genio de la inform&aacute;tica en el cielo: Biograf&iacute;a de Carlo Acutis&rdquo;.<\/p>\n<p style=\"text-align: justify\">\n\tBasado en la vida del Siervo de Dios, tambi&eacute;n se present&oacute; el documental &ldquo;Mi autopista para el cielo: Carlo Acutis y la Eucarist&iacute;a&rdquo;, realizado por la productora Officina della Comunicazione y en &eacute;l aparecen muchas escenas ambientadas en As&iacute;s, la ciudad de San Francisco, porque este lugar era muy querido por Carlo.<\/p>\n<p style=\"text-align: justify\">\n\tEn la presentaci&oacute;n en el mes de octubre intervinieron el Prefecto de la Secretar&iacute;a para la Comunicaci&oacute;n de la Santa Sede, Mons. Dario Edoardo Vigan&ograve;; el director de la Librer&iacute;a Vaticana, Giuseppe Costa; Nicola Gori y Antonia Acutis, la madre de Carlo.<\/p>\n<p style=\"text-align: justify\">\n\tMons. Vigan&ograve;, que escribi&oacute; el pr&oacute;logo del libro de Gori, indic&oacute; que &ldquo;me gustar&iacute;a imaginar a Carlo como el patrono del Internet y de todos los cibernautas&rdquo;.<\/p>\n<p style=\"text-align: justify\">\n\t&ldquo;Muchas personas me han hablado tanto de este extraordinario joven. Estoy impresionado. Sobre todo he elegido hablar de &eacute;l porque llevaba la santidad a la vida diaria. El encanto de una figura normal, pero al mismo tiempo extraordinario&quot;, afirm&oacute; Mons. Vigan&ograve;.<\/p>\n<p style=\"text-align: justify\">\n\tLos libros y el documental buscan ser un medio para transmitir a las generaciones m&aacute;s j&oacute;venes que cada ni&ntilde;o y joven nacen con una chispa interior, una profunda originalidad y un claro llamado a la santidad.<\/p>\n<p style=\"text-align: justify\">\n\t&ldquo;El globo aerost&aacute;tico para subir a lo alto necesita que se le quite peso. De igual modo el alma para elevarse al cielo necesita cortar todos los peque&ntilde;os pesos que son los pecados veniales&rdquo;, dec&iacute;a Carlo Acutis.<\/p>\n<p style=\"text-align: justify\">\n\tTraducido y adaptado por Mar&iacute;a Ximena Rond&oacute;n. Publicado originalmente en ACI Stampa.<\/p>\n<p style=\"text-align: justify\">\n\tTambi&eacute;n te puede interesar:<\/p>\n<p style=\"text-align: justify\">\n\t\tCosmopolitan publica testimonio de una joven virgen &ldquo;felizmente casada con Dios&rdquo; https:\/\/t.co\/BH0uhkaspW<\/p>\n<p>\t&mdash; ACI Prensa (@aciprensa) 15 de septiembre de 2016<\/p>\n","protected":false},"excerpt":{"rendered":"<p>ROMA, 06 Dic. 16 (ACI).- El 24 de noviembre de 2016 se cerr&oacute; la fase diocesana del proceso de beatificaci&oacute;n de Carlo Acutis, un muchacho que falleci&oacute; a los 15 a&ntilde;os de edad tras sufrir una leucemia fulminante cuyos sufrimientos ofreci&oacute; por el Papa y la Iglesia. Su vida transcurri&oacute; entre la pasi&oacute;n por la &hellip; <a href=\"https:\/\/www.biblia.work\/noticias\/tenia-15-anos-era-un-ciberapostol-de-la-eucaristia-y-da-nuevo-paso-a-la-santidad\/\" class=\"more-link\">Continuar leyendo<span class=\"screen-reader-text\"> \u00abTen\u00eda 15 a\u00f1os, era un ciberap\u00f3stol de la Eucarist\u00eda y da nuevo paso a la santidad\u00bb<\/span><\/a><\/p>\n","protected":false},"author":1,"featured_media":0,"comment_status":"open","ping_status":"closed","sticky":false,"template":"","format":"standard","meta":{"footnotes":""},"categories":[1],"tags":[],"class_list":["post-9680","post","type-post","status-publish","format-standard","hentry","category-general"],"_links":{"self":[{"href":"https:\/\/www.biblia.work\/noticias\/wp-json\/wp\/v2\/posts\/9680","targetHints":{"allow":["GET"]}}],"collection":[{"href":"https:\/\/www.biblia.work\/noticias\/wp-json\/wp\/v2\/posts"}],"about":[{"href":"https:\/\/www.biblia.work\/noticias\/wp-json\/wp\/v2\/types\/post"}],"author":[{"embeddable":true,"href":"https:\/\/www.biblia.work\/noticias\/wp-json\/wp\/v2\/users\/1"}],"replies":[{"embeddable":true,"href":"https:\/\/www.biblia.work\/noticias\/wp-json\/wp\/v2\/comments?post=9680"}],"version-history":[{"count":0,"href":"https:\/\/www.biblia.work\/noticias\/wp-json\/wp\/v2\/posts\/9680\/revisions"}],"wp:attachment":[{"href":"https:\/\/www.biblia.work\/noticias\/wp-json\/wp\/v2\/media?parent=9680"}],"wp:term":[{"taxonomy":"category","embeddable":true,"href":"https:\/\/www.biblia.work\/noticias\/wp-json\/wp\/v2\/categories?post=9680"},{"taxonomy":"post_tag","embeddable":true,"href":"https:\/\/www.biblia.work\/noticias\/wp-json\/wp\/v2\/tags?post=9680"}],"curies":[{"name":"wp","href":"https:\/\/api.w.org\/{rel}","templated":true}]}}