{"id":9682,"date":"2016-12-06T14:15:02","date_gmt":"2016-12-06T19:15:02","guid":{"rendered":"http:\/\/www.biblia.work\/noticias\/el-vaticano-pide-mas-responsabilidad-en-tema-de-seguridad-nuclear\/"},"modified":"2016-12-06T14:15:02","modified_gmt":"2016-12-06T19:15:02","slug":"el-vaticano-pide-mas-responsabilidad-en-tema-de-seguridad-nuclear","status":"publish","type":"post","link":"https:\/\/www.biblia.work\/noticias\/el-vaticano-pide-mas-responsabilidad-en-tema-de-seguridad-nuclear\/","title":{"rendered":"El Vaticano pide m\u00e1s responsabilidad en tema de seguridad nuclear"},"content":{"rendered":"<p style=\"text-align: justify\">(ZENIT &#8211; Roma).- \u00a0\u201cUna \u00e9tica de la responsabilidad para la seguridad nuclear\u201d que reemplace &#8220;la l\u00f3gica del miedo&#8221; ha sido el tema tratado por mons. Antoine Camilleri, Subsecretario para las Relaciones con los Estados, en su intervenci\u00f3n en la Conferencia Internacional sobre la seguridad nuclear organizada por el Organismo Internacional de Energ\u00eda At\u00f3mica (OIEA) en curso en Viena del 5 al 9 de diciembre.<\/p>\n<p style=\"text-align: justify\">\u201cLa l\u00f3gica del miedo y de la desconfianza que encuentra su s\u00edntesis en la disuasi\u00f3n nuclear debe ser reemplazada por una nueva l\u00f3gica de la \u00e9tica global. Necesitamos una \u00e9tica de la responsabilidad, de la solidaridad y de la seguridad colaborativa adecuada a la tarea de mantener bajo control el poder de la tecnolog\u00eda nuclear\u201d, indic\u00f3 el representante del Vaticano.\u00a0Y que\u00a0este\u00a0\u201cpeso de la responsabilidad, por supuesto, recae m\u00e1s en aquellos Estados miembros con \u00a0capacidad nuclear, en particular en \u00a0los que tienen armas nucleares\u201d.<\/p>\n<p style=\"text-align: justify\">Pidi\u00f3\u00a0tambi\u00e9n m\u00e1s protecci\u00f3n f\u00edsica del material nuclear o radioactivo, contrariamente podr\u00edan registrarse consecuencias catastr\u00f3ficas. As\u00ed como protecci\u00f3n de las amenazas internas y de los ataques inform\u00e1ticos a datos y estructuras sensibles.<\/p>\n<p style=\"text-align: justify\">El prelado record\u00f3 que el Papa Francisco en su discurso ante la Asamblea General de las Naciones Unidas en septiembre de 2015, hab\u00eda exhortado a la comunidad internacional a \u201cempe\u00f1arse por un mundo sin armas nucleares, aplicando plenamente el Tratado de no proliferaci\u00f3n, en la letra y en el esp\u00edritu, hacia una total prohibici\u00f3n de estos instrumentos\u201d<\/p>\n<p style=\"text-align: justify\">Porque \u201cla seguridad nuclear favorece la paz y la seguridad y por otro lado promueve el desarrollo social y cient\u00edfico a trav\u00e9s de la aplicaci\u00f3n de la tecnolog\u00eda nuclear con fines pac\u00edficos, con el objetivo de fomentar el desarrollo sostenible,\u00a0 mejorando la agricultura, la gesti\u00f3n del agua y garantizando la nutrici\u00f3n y la seguridad alimentaria, el control de las enfermedades infecciosas y el compromiso para combatir el c\u00e1ncer\u201d.<\/p>\n<p style=\"text-align: justify\">Y si bien enumer\u00f3 los notables progresos conseguidos en reforzar la seguridad nuclear, \u201cno debemos darnos por satisfechos\u201d porque &#8220;son limitados, insuficientes y a menudo ralentizados para prevenir la proliferaci\u00f3n y avanzar hacia un mundo libre de armas nucleares\u201d.<\/p>\n<p style=\"text-align: justify\">Al concluir, Mons. Camilleri precis\u00f3 que la Santa Sede deseaba dejar constancia de que \u201ces in\u00fatil hacerse ilusiones sobre la gravedad de los desaf\u00edos que enfrenta la comunidad internacional. Sin embargo, es precisamente debido a estos desaf\u00edos relacionados con la seguridad nuclear, por lo que la Santa Sede desea reiterar su apoyo a la OIEA mientras trata de desempe\u00f1ar de una manera cada vez m\u00e1s eficaz, su papel indispensable en la defensa de la seguridad nuclear en el contexto de un compromiso m\u00e1s amplio para fortalecer la cooperaci\u00f3n para la seguridad\u201d.<\/p>\n<p><span class=\"et_bloom_bottom_trigger\"><\/span><\/p>\n<p><a href=\"https:\/\/es.zenit.org\/\" target=\"_blank\" rel=\"nofollow\">Fuente: es.zenit.org<\/a><\/p>\n","protected":false},"excerpt":{"rendered":"<p>(ZENIT &#8211; Roma).- \u00a0\u201cUna \u00e9tica de la responsabilidad para la seguridad nuclear\u201d que reemplace &#8220;la l\u00f3gica del miedo&#8221; ha sido el tema tratado por mons. Antoine Camilleri, Subsecretario para las Relaciones con los Estados, en su intervenci\u00f3n en la Conferencia Internacional sobre la seguridad nuclear organizada por el Organismo Internacional de Energ\u00eda At\u00f3mica (OIEA) en &hellip; <a href=\"https:\/\/www.biblia.work\/noticias\/el-vaticano-pide-mas-responsabilidad-en-tema-de-seguridad-nuclear\/\" class=\"more-link\">Continuar leyendo<span class=\"screen-reader-text\"> \u00abEl Vaticano pide m\u00e1s responsabilidad en tema de seguridad nuclear\u00bb<\/span><\/a><\/p>\n","protected":false},"author":1,"featured_media":0,"comment_status":"open","ping_status":"closed","sticky":false,"template":"","format":"standard","meta":{"footnotes":""},"categories":[1],"tags":[],"class_list":["post-9682","post","type-post","status-publish","format-standard","hentry","category-general"],"_links":{"self":[{"href":"https:\/\/www.biblia.work\/noticias\/wp-json\/wp\/v2\/posts\/9682","targetHints":{"allow":["GET"]}}],"collection":[{"href":"https:\/\/www.biblia.work\/noticias\/wp-json\/wp\/v2\/posts"}],"about":[{"href":"https:\/\/www.biblia.work\/noticias\/wp-json\/wp\/v2\/types\/post"}],"author":[{"embeddable":true,"href":"https:\/\/www.biblia.work\/noticias\/wp-json\/wp\/v2\/users\/1"}],"replies":[{"embeddable":true,"href":"https:\/\/www.biblia.work\/noticias\/wp-json\/wp\/v2\/comments?post=9682"}],"version-history":[{"count":0,"href":"https:\/\/www.biblia.work\/noticias\/wp-json\/wp\/v2\/posts\/9682\/revisions"}],"wp:attachment":[{"href":"https:\/\/www.biblia.work\/noticias\/wp-json\/wp\/v2\/media?parent=9682"}],"wp:term":[{"taxonomy":"category","embeddable":true,"href":"https:\/\/www.biblia.work\/noticias\/wp-json\/wp\/v2\/categories?post=9682"},{"taxonomy":"post_tag","embeddable":true,"href":"https:\/\/www.biblia.work\/noticias\/wp-json\/wp\/v2\/tags?post=9682"}],"curies":[{"name":"wp","href":"https:\/\/api.w.org\/{rel}","templated":true}]}}