{"id":9687,"date":"2016-12-06T16:05:02","date_gmt":"2016-12-06T21:05:02","guid":{"rendered":"http:\/\/www.biblia.work\/noticias\/israel-lideres-cristianos-latinos-se-reunen-con-benjamin-netanyahu\/"},"modified":"2016-12-06T16:05:02","modified_gmt":"2016-12-06T21:05:02","slug":"israel-lideres-cristianos-latinos-se-reunen-con-benjamin-netanyahu","status":"publish","type":"post","link":"https:\/\/www.biblia.work\/noticias\/israel-lideres-cristianos-latinos-se-reunen-con-benjamin-netanyahu\/","title":{"rendered":"Israel: L\u00edderes cristianos latinos se re\u00fanen con Benjamin Netanyahu"},"content":{"rendered":"<p style=\"text-align: justify\">L\u00edderes cristianos destacados de Am\u00e9rica Latina se reunieron este martes con el primer ministro israel\u00ed, Benjamin Netanyahu, para reforzar la amistad entre los pueblos, durante su visita por Israel. <\/p>\n<p style=\"text-align: justify\">La delegaci\u00f3n de l\u00edderes tambi\u00e9n tuvo un encuentro con diputados en el parlamento israel\u00ed, para reforzar la uni\u00f3n y cooperaci\u00f3n judeo-cristiana. <\/p>\n<p style=\"text-align: justify\"> <strong>\u00bfQu\u00e9 opinas de esta noticia? Ve a <a href=\"http:\/\/www.Facebook.com\/mundocristiano\">www.Facebook.com\/mundocristiano<\/a> y comenta.<\/strong> <\/p>\n<p style=\"text-align: justify\">Su visita a Tierra Santa busca seguir reforzando los importantes lazos de hermandad entre Israel y las comunidades cristianas en el mundo de habla hispana. <\/p>\n<p style=\"text-align: justify\">Entre los visitantes est\u00e1 Guy\u00f3n Massey (Costa Rica), Ilya Carrera (Panam\u00e1), Fernando Solares (Guatemala), Eduardo G\u00f3mez (Colombia), Gilberto Rocha (M\u00e9xico, entre otros. <\/p>\n<p style=\"text-align: justify\"><em>Fuente: <strong>www.MundoCristiano.tv <\/strong><\/em><\/p>\n","protected":false},"excerpt":{"rendered":"<p>L\u00edderes cristianos destacados de Am\u00e9rica Latina se reunieron este martes con el primer ministro israel\u00ed, Benjamin Netanyahu, para reforzar la amistad entre los pueblos, durante su visita por Israel. La delegaci\u00f3n de l\u00edderes tambi\u00e9n tuvo un encuentro con diputados en el parlamento israel\u00ed, para reforzar la uni\u00f3n y cooperaci\u00f3n judeo-cristiana. \u00bfQu\u00e9 opinas de esta noticia? &hellip; <a href=\"https:\/\/www.biblia.work\/noticias\/israel-lideres-cristianos-latinos-se-reunen-con-benjamin-netanyahu\/\" class=\"more-link\">Continuar leyendo<span class=\"screen-reader-text\"> \u00abIsrael: L\u00edderes cristianos latinos se re\u00fanen con Benjamin Netanyahu\u00bb<\/span><\/a><\/p>\n","protected":false},"author":1,"featured_media":0,"comment_status":"open","ping_status":"closed","sticky":false,"template":"","format":"standard","meta":{"footnotes":""},"categories":[1],"tags":[],"class_list":["post-9687","post","type-post","status-publish","format-standard","hentry","category-general"],"_links":{"self":[{"href":"https:\/\/www.biblia.work\/noticias\/wp-json\/wp\/v2\/posts\/9687","targetHints":{"allow":["GET"]}}],"collection":[{"href":"https:\/\/www.biblia.work\/noticias\/wp-json\/wp\/v2\/posts"}],"about":[{"href":"https:\/\/www.biblia.work\/noticias\/wp-json\/wp\/v2\/types\/post"}],"author":[{"embeddable":true,"href":"https:\/\/www.biblia.work\/noticias\/wp-json\/wp\/v2\/users\/1"}],"replies":[{"embeddable":true,"href":"https:\/\/www.biblia.work\/noticias\/wp-json\/wp\/v2\/comments?post=9687"}],"version-history":[{"count":0,"href":"https:\/\/www.biblia.work\/noticias\/wp-json\/wp\/v2\/posts\/9687\/revisions"}],"wp:attachment":[{"href":"https:\/\/www.biblia.work\/noticias\/wp-json\/wp\/v2\/media?parent=9687"}],"wp:term":[{"taxonomy":"category","embeddable":true,"href":"https:\/\/www.biblia.work\/noticias\/wp-json\/wp\/v2\/categories?post=9687"},{"taxonomy":"post_tag","embeddable":true,"href":"https:\/\/www.biblia.work\/noticias\/wp-json\/wp\/v2\/tags?post=9687"}],"curies":[{"name":"wp","href":"https:\/\/api.w.org\/{rel}","templated":true}]}}