{"id":9701,"date":"2016-12-07T05:15:02","date_gmt":"2016-12-07T10:15:02","guid":{"rendered":"http:\/\/www.biblia.work\/noticias\/el-papa-inicia-una-serie-de-catequesis-sobre-la-esperanza\/"},"modified":"2016-12-07T05:15:02","modified_gmt":"2016-12-07T10:15:02","slug":"el-papa-inicia-una-serie-de-catequesis-sobre-la-esperanza","status":"publish","type":"post","link":"https:\/\/www.biblia.work\/noticias\/el-papa-inicia-una-serie-de-catequesis-sobre-la-esperanza\/","title":{"rendered":"El Papa inicia una serie de catequesis sobre la esperanza"},"content":{"rendered":"<p style=\"text-align: justify\"><span style=\"font-weight: 400\">(ZENIT &#8211; Ciudad del Vaticano).- El papa Francisco, en la audiencia general de este mi\u00e9rcoles ha iniciado una nueva serie de catequesis sobre la esperanza cristiana. Miles de fieles, venidos de todas las partes del mundo<\/span><span style=\"font-weight: 400\">\u00a0han recibido al Santo Padre en el Aula Pablo VI, con alegr\u00eda y emoci\u00f3n. Banderas y pancartas ondeaban a la llegada del Papa, y\u00a0los peregrinos se acercaban a ambos lados del pasillo para poder dar la mano y decirle algunas breves palabras.<\/span><\/p>\n<p style=\"text-align: justify\"><span style=\"font-weight: 400\">En el resumen hecho en espa\u00f1ol de la catequesis, el Pont\u00edfice ha indicado que en esta primera reflexi\u00f3n, \u201cel profeta Isai\u0301as nos invita a llevar el consuelo de Dios a nuestros hermanos\u201d. Isai\u0301as &#8211;ha observado el Papa&#8211; habla a un pueblo en el exilio y le presenta la posibilidad de regresar a su hogar, que en definitiva es volver a Dios. Para ello \u201chay que eliminar los obsta\u0301culos que nos detienen, preparar un camino llano y ancho, un camino de liberacio\u0301n y esperanza que se extiende por el desierto\u201d, ha subrayado el Papa. <\/span><\/p>\n<p style=\"text-align: justify\"><span style=\"font-weight: 400\">De este modo, ha a\u00f1adido que san Juan Bautista, retomando las palabras de Isai\u0301as, \u201cnos llama a la conversio\u0301n\u201d, para que \u201cabramos un camino de esperanza en nuestros corazones\u201d.<\/span><\/p>\n<p style=\"text-align: justify\"><span style=\"font-weight: 400\">En esta misma l\u00ednea, Francisco ha se\u00f1alado que el cristiano necesita hacerse pequen\u0303o para este mundo, \u201ccomo lo fueron los personajes del Evangelio de la infancia\u201d: Mari\u0301a y Jose\u0301, Zacari\u0301as e Isabel o los pastores. Eran insignificantes para los grandes y poderosos de entonces &#8211;ha aseverado&#8211; \u00a0pero sus vidas estaban llenas de esperanza, abiertas a la consolacio\u0301n de Dios.<\/span><\/p>\n<p style=\"text-align: justify\"><span style=\"font-weight: 400\">A continuaci\u00f3n, el Papa ha dirigido un saludo a los peregrinos de lengua espan\u0303ola, en particular a los grupos provenientes de Espan\u0303a y Latinoame\u0301rica. Pidamos al Sen\u0303or &#8211;ha exhortado&#8211; la gracia de trasformar el desierto de nuestra vida, de nuestro sufrimiento y de nuestra soledad, en un camino llano que nos lleve al encuentro con el Sen\u0303or y con los hermanos.<\/span><\/p>\n<p style=\"text-align: justify\"><span style=\"font-weight: 400\">Despu\u00e9s de los saludos en las distintas lenguas, el Pont\u00edfice ha dedicado unas palabras a los j\u00f3venes, los enfermos y los reci\u00e9n casados. As\u00ed, ha se\u00f1alado que el tiempo lit\u00fargico del adviento es una ocasi\u00f3n de particular gracia para reflexionar sobre nuestro camino al encuentro del Se\u00f1or. Del mismo modo, ha pedido que la Virgen Mar\u00eda, de quien ma\u00f1ana celebramos su Inmaculada Concepci\u00f3n, sea \u201cel modelo para la preparaci\u00f3n interior a la Navidad\u201d para que \u201cel coraz\u00f3n de cada uno se convierta en cuna que acoge al Hijo de Dios, rostro de la misericordia del Padre, con la escucha de su palabra, las obras de caridad fraterna y la oraci\u00f3n\u201d. <\/span><\/p>\n<p style=\"text-align: justify\"><span style=\"font-weight: 400\">Al concluir la audiencia general, el Santo Padre ha recordado que en los pr\u00f3ximos d\u00edas se celebran dos jornadas importantes de las Naciones Unidas. <\/span> <span style=\"font-weight: 400\">El d\u00eda 9 de diciembre es\u00a0la jornada contra la corrupci\u00f3n y el 10 de diciembre la de los derechos humanos. Son dos realidades &#8211;ha explicado el Papa&#8211; estrechamente unidas. La corrupci\u00f3n es el &#8220;aspecto negativo que debemos\u00a0combatir&#8221;, comenzado <\/span> <span style=\"font-weight: 400\"> por la conciencia personal y vigilando los \u00e1mbitos de la vida civil, especialmente<\/span> <span style=\"font-weight: 400\">sobre los que est\u00e1n m\u00e1s en riesgo. Los derechos humanos, ha precisado el Papa, son el aspecto positivo, para promover siempre con decisi\u00f3n renovada, para que nadie sea excluido del efectivo reconocimiento de los derechos fundamentales de la persona humana. \u201cEl Se\u00f1or nos sostenga en este doble compromiso\u201d, ha concluido. <\/span><\/p>\n<p><span class=\"et_bloom_bottom_trigger\"><\/span><\/p>\n<p><a href=\"https:\/\/es.zenit.org\/\" target=\"_blank\" rel=\"nofollow\">Fuente: es.zenit.org<\/a><\/p>\n","protected":false},"excerpt":{"rendered":"<p>(ZENIT &#8211; Ciudad del Vaticano).- El papa Francisco, en la audiencia general de este mi\u00e9rcoles ha iniciado una nueva serie de catequesis sobre la esperanza cristiana. Miles de fieles, venidos de todas las partes del mundo\u00a0han recibido al Santo Padre en el Aula Pablo VI, con alegr\u00eda y emoci\u00f3n. Banderas y pancartas ondeaban a la &hellip; <a href=\"https:\/\/www.biblia.work\/noticias\/el-papa-inicia-una-serie-de-catequesis-sobre-la-esperanza\/\" class=\"more-link\">Continuar leyendo<span class=\"screen-reader-text\"> \u00abEl Papa inicia una serie de catequesis sobre la esperanza\u00bb<\/span><\/a><\/p>\n","protected":false},"author":1,"featured_media":0,"comment_status":"open","ping_status":"closed","sticky":false,"template":"","format":"standard","meta":{"footnotes":""},"categories":[1],"tags":[],"class_list":["post-9701","post","type-post","status-publish","format-standard","hentry","category-general"],"_links":{"self":[{"href":"https:\/\/www.biblia.work\/noticias\/wp-json\/wp\/v2\/posts\/9701","targetHints":{"allow":["GET"]}}],"collection":[{"href":"https:\/\/www.biblia.work\/noticias\/wp-json\/wp\/v2\/posts"}],"about":[{"href":"https:\/\/www.biblia.work\/noticias\/wp-json\/wp\/v2\/types\/post"}],"author":[{"embeddable":true,"href":"https:\/\/www.biblia.work\/noticias\/wp-json\/wp\/v2\/users\/1"}],"replies":[{"embeddable":true,"href":"https:\/\/www.biblia.work\/noticias\/wp-json\/wp\/v2\/comments?post=9701"}],"version-history":[{"count":0,"href":"https:\/\/www.biblia.work\/noticias\/wp-json\/wp\/v2\/posts\/9701\/revisions"}],"wp:attachment":[{"href":"https:\/\/www.biblia.work\/noticias\/wp-json\/wp\/v2\/media?parent=9701"}],"wp:term":[{"taxonomy":"category","embeddable":true,"href":"https:\/\/www.biblia.work\/noticias\/wp-json\/wp\/v2\/categories?post=9701"},{"taxonomy":"post_tag","embeddable":true,"href":"https:\/\/www.biblia.work\/noticias\/wp-json\/wp\/v2\/tags?post=9701"}],"curies":[{"name":"wp","href":"https:\/\/api.w.org\/{rel}","templated":true}]}}