{"id":9711,"date":"2016-12-07T08:15:01","date_gmt":"2016-12-07T13:15:01","guid":{"rendered":"http:\/\/www.biblia.work\/noticias\/francisco-recuerda-que-ninguna-religion-puede-fomentar-la-guerra\/"},"modified":"2016-12-07T08:15:01","modified_gmt":"2016-12-07T13:15:01","slug":"francisco-recuerda-que-ninguna-religion-puede-fomentar-la-guerra","status":"publish","type":"post","link":"https:\/\/www.biblia.work\/noticias\/francisco-recuerda-que-ninguna-religion-puede-fomentar-la-guerra\/","title":{"rendered":"Francisco recuerda que \u201cninguna religi\u00f3n puede fomentar la guerra\u201d"},"content":{"rendered":"<p style=\"text-align: justify\"><span style=\"font-weight: 400\">(ZENIT &#8211; Ciudad del Vaticano).- El papa Francisco ha concedido una entrevista al semanario cat\u00f3lico belga \u201cTertio\u201d, con motivo de la clausura del Jubileo extraordinario de la Misericordia. En esta ocasi\u00f3n, el Santo Padre reflexiona adem\u00e1s sobre temas variados como la secularizaci\u00f3n de la sociedad, el terrorismo, la Iglesia sinodal, los sacerdotes o los medios de comunicaci\u00f3n.\u00a0<\/span><\/p>\n<p style=\"text-align: justify\"><span style=\"font-weight: 400\">En primer lugar, el Santo Padre responde a c\u00f3mo afrontar la secularizaci\u00f3n y una sociedad que quiere separar la religi\u00f3n de la vida p\u00fablica. Una postura \u201canticuada\u201d dice el Papa. La herencia \u201cque nos dej\u00f3 la Ilustraci\u00f3n\u201d donde todo hecho religioso es una subcultura. Es la diferencia entre laicismo y laicidad. Por eso explica el Papa que \u201chay una sana laicidad, por ejemplo, la laicidad del estado\u201d. En general, el estado laico es bueno. Es mejor &#8211;advierte&#8211; que un estado confesional, porque los estados confesionales terminan mal. Pero \u201cuna cosa es laicidad y otra cosa es laicismo\u201d. Y el laicismo \u201ccierra las puertas a la trascendencia: a la doble trascendencia, tanto la trascendencia hacia los dem\u00e1s como, sobre todo, la trascendencia hacia Dios\u201d. <\/span><\/p>\n<p style=\"text-align: justify\"><span style=\"font-weight: 400\">Respecto al terrorismo y los que comentan que la ra\u00edz de las guerras actuales est\u00e1 en la diferencia entre religiones, el Pont\u00edfice asegura que \u201cninguna religi\u00f3n como tal puede fomentar la guerra\u201d porque est\u00e1 en ese caso proclamando \u201cun dios de destrucci\u00f3n, un dios de odio\u201d. No se puede hacer la guerra en nombre de Dios o en nombre de una postura religiosa, subraya Francisco. <\/span><\/p>\n<p style=\"text-align: justify\"><span style=\"font-weight: 400\">Tambi\u00e9n dedica una parte de la entrevista al A\u00f1o de la Misericordia, que no fue \u201cuna ocurrencia humana\u201d sino que \u201cviene de arriba\u201d, explica. Asimismo recuerda el hecho de que el Jubileo no fuera solo en Roma, sino en todo el mundo, en todas las di\u00f3cesis, \u201cla gente se moviliz\u00f3 mucho\u201d. Se moviliz\u00f3 mucho \u201cy se sinti\u00f3 llamada a reconciliarse con Dios, a reencontrar al Se\u00f1or, a sentir la caricia del Padre\u201d.<\/span><\/p>\n<p style=\"text-align: justify\"><span style=\"font-weight: 400\">En otro momento, Francisco habla de la \u201cIglesia sinodal\u201d. La Iglesia &#8211;explica Francisco&#8211; nace de las comunidades, nace de la base, de la comunidad, nace del bautismo, y se organiza en torno a un obispo que la convoca, le da fuerza. El obispo que es sucesor de los ap\u00f3stoles. Esta es la Iglesia. Pero en todo el mundo \u201chay muchos obispos, muchas Iglesias organizadas, y est\u00e1 Pedro\u201d. Entonces, \u201co hay una Iglesia piramidal, donde lo que dice Pedro se hace, o hay una Iglesia sinodal, donde Pedro es Pedro, pero acompa\u00f1a a la Iglesia y la hace crecer, la escucha; m\u00e1s a\u00fan, \u00e9l aprende de eso, y va como armonizando, discerniendo lo que viene de las iglesias, y lo devuelve\u201d. La experiencia m\u00e1s rica de esto, observa el Papa en la entrevista, fueron los dos \u00faltimos s\u00ednodos. Cada uno, se\u00f1ala Francisco, dijo lo que pensaba sin miedo a sentirse juzgado. \u201cY todos estaban en actitud de escuchar, sin condenar\u201d, precisa.\u00a0<\/span><\/p>\n<p style=\"text-align: justify\"><span style=\"font-weight: 400\">En particular, deja un mensaje para los j\u00f3venes de B\u00e9lgica: \u201cno tengan miedo\u201d, \u201cno tengan verg\u00fcenza de la fe\u201d, \u201cno tengan verg\u00fcenza de buscar caminos nuevos\u201d. Y les da dos consejos: \u201cbuscar horizontes\u201d y \u201cno te jubiles a los 20 a\u00f1os\u201d. <\/span><\/p>\n<p style=\"text-align: justify\"><span style=\"font-weight: 400\">Finalmente, el Papa responde a una pregunta sobre los medios de comunicaci\u00f3n.\u00a0<\/span>Hoy en d\u00eda &#8211;se\u00f1ala&#8211; en sus manos est\u00e1 la posibilidad y la capacidad de formar opini\u00f3n. \u201cPueden formar una buena o mala opini\u00f3n. Los medios de comunicaci\u00f3n son constructores de una sociedad. Por s\u00ed mismos, son para construir\u201d, explica el Santo Padre. \u00a0Aunque, tambi\u00e9n advierte de las tentaciones que pueden tener los \u00a0medios de comunicaci\u00f3n, \u201ccalumnia\u201d, \u201cdifamaci\u00f3n\u201d, \u201cdesinformaci\u00f3n\u201d. Adem\u00e1s, el Papa pide no caer en la enfermedad de la \u201ccoprofilia\u201d: que es buscar siempre comunicar el esc\u00e1ndalo, comunicar las cosas feas, aunque sean verdad.<\/p>\n<p style=\"text-align: justify\"><span style=\"font-weight: 400\">Y para concluir, el Pont\u00edfice dedica unas palabras a los sacerdotes. Primero: \u201cacu\u00e9rdate que tienes madre que te quiere. No dejes de amar a tu madre la Virgen\u201d. Segundo: \u201cd\u00e9jate mirar por Jes\u00fas\u201d. Tercero: \u201cbusca la carne sufriente de Jes\u00fas en los hermanos\u201d.<\/span><\/p>\n<p><span class=\"et_bloom_bottom_trigger\"><\/span><\/p>\n<p><a href=\"https:\/\/es.zenit.org\/\" target=\"_blank\" rel=\"nofollow\">Fuente: es.zenit.org<\/a><\/p>\n","protected":false},"excerpt":{"rendered":"<p>(ZENIT &#8211; Ciudad del Vaticano).- El papa Francisco ha concedido una entrevista al semanario cat\u00f3lico belga \u201cTertio\u201d, con motivo de la clausura del Jubileo extraordinario de la Misericordia. En esta ocasi\u00f3n, el Santo Padre reflexiona adem\u00e1s sobre temas variados como la secularizaci\u00f3n de la sociedad, el terrorismo, la Iglesia sinodal, los sacerdotes o los medios &hellip; <a href=\"https:\/\/www.biblia.work\/noticias\/francisco-recuerda-que-ninguna-religion-puede-fomentar-la-guerra\/\" class=\"more-link\">Continuar leyendo<span class=\"screen-reader-text\"> \u00abFrancisco recuerda que \u201cninguna religi\u00f3n puede fomentar la guerra\u201d\u00bb<\/span><\/a><\/p>\n","protected":false},"author":1,"featured_media":0,"comment_status":"open","ping_status":"closed","sticky":false,"template":"","format":"standard","meta":{"footnotes":""},"categories":[1],"tags":[],"class_list":["post-9711","post","type-post","status-publish","format-standard","hentry","category-general"],"_links":{"self":[{"href":"https:\/\/www.biblia.work\/noticias\/wp-json\/wp\/v2\/posts\/9711","targetHints":{"allow":["GET"]}}],"collection":[{"href":"https:\/\/www.biblia.work\/noticias\/wp-json\/wp\/v2\/posts"}],"about":[{"href":"https:\/\/www.biblia.work\/noticias\/wp-json\/wp\/v2\/types\/post"}],"author":[{"embeddable":true,"href":"https:\/\/www.biblia.work\/noticias\/wp-json\/wp\/v2\/users\/1"}],"replies":[{"embeddable":true,"href":"https:\/\/www.biblia.work\/noticias\/wp-json\/wp\/v2\/comments?post=9711"}],"version-history":[{"count":0,"href":"https:\/\/www.biblia.work\/noticias\/wp-json\/wp\/v2\/posts\/9711\/revisions"}],"wp:attachment":[{"href":"https:\/\/www.biblia.work\/noticias\/wp-json\/wp\/v2\/media?parent=9711"}],"wp:term":[{"taxonomy":"category","embeddable":true,"href":"https:\/\/www.biblia.work\/noticias\/wp-json\/wp\/v2\/categories?post=9711"},{"taxonomy":"post_tag","embeddable":true,"href":"https:\/\/www.biblia.work\/noticias\/wp-json\/wp\/v2\/tags?post=9711"}],"curies":[{"name":"wp","href":"https:\/\/api.w.org\/{rel}","templated":true}]}}