{"id":9718,"date":"2016-12-07T12:15:02","date_gmt":"2016-12-07T17:15:02","guid":{"rendered":"http:\/\/www.biblia.work\/noticias\/chile-encuentro-interreligioso-junto-a-madres-en-riesgo-de-abortar\/"},"modified":"2016-12-07T12:15:02","modified_gmt":"2016-12-07T17:15:02","slug":"chile-encuentro-interreligioso-junto-a-madres-en-riesgo-de-abortar","status":"publish","type":"post","link":"https:\/\/www.biblia.work\/noticias\/chile-encuentro-interreligioso-junto-a-madres-en-riesgo-de-abortar\/","title":{"rendered":"Chile: encuentro interreligioso junto a madres en riesgo de abortar"},"content":{"rendered":"<p style=\"text-align: justify\">(ZENIT \u2013 Roma).- La Fundaci\u00f3n Chile Unido realiz\u00f3 este martes, una Fiesta de Navidad para celebrar a m\u00e1s de 100 mam\u00e1s en representaci\u00f3n de las casi 600 mujeres embarazadas que acompa\u00f1aron durante el presente a\u00f1o.<\/p>\n<p style=\"text-align: justify\">Esto gracias a su programa de Acompa\u00f1amiento Integral a mujeres con embarazos vulnerables, y que en sus 18 a\u00f1os de historia, ha permitido que m\u00e1s de 4.800 ni\u00f1os hayan nacido.<\/p>\n<p style=\"text-align: justify\">En la ceremonia interreligiosa participaron los m\u00e1ximos representantes de las Iglesias cristianas: cat\u00f3lica, evang\u00e9lica, ortodoxa, anglicana, luterana, mormona, as\u00ed como de la religi\u00f3n Jud\u00eda y musulmana con el Centro Isl\u00e1mico de Chile. Todos estos credos entreganron un mensaje de respeto y cuidado por la vida del que est\u00e1 por nacer de manera transversal, y de apoyo\u00a0 a sus madres en su vulnerabilidad.<\/p>\n<p style=\"text-align: justify\">Adem\u00e1s, fueron invitados representantes del mundo pol\u00edtico y social, como Mario Sep\u00falveda y Daniel Herrera, en representaci\u00f3n de los 33 mineros rescatados en Atacama.<\/p>\n<p style=\"text-align: justify\"><a name=\"more-138566\"><\/a>Pocos d\u00edas atr\u00e1s, el arzobispo de Santiago, cardenal Ricardo Ezzati, presidi\u00f3 en la Catedral Metropolitana, la eucarist\u00eda que dio inicio al Adviento, haciendo un llamado a toda la comunidad cat\u00f3lica a vivir en forma coherente y a tomar un rol activo en la construcci\u00f3n de una vida con bases s\u00f3lidas.<\/p>\n<p style=\"text-align: justify\">La ceremonia estuvo marcada por la bendici\u00f3n que hizo el cardenal Ezzati a las mujeres embarazadas que asistieron a la misa, a quienes llam\u00f3 a inspirarse en la dulce espera de Mar\u00eda. En la oportunidad adem\u00e1s agreg\u00f3 \u201clos invito a vivir un tiempo de Adviento con mucha esperanza y gozo, comprometi\u00e9ndonos a ser cristianos activos en la vida de la fe, de la familia, de la sociedad, en la vida de la Iglesia y la transformaci\u00f3n del mundo\u201d.<\/p>\n<p><span class=\"et_bloom_bottom_trigger\"><\/span><\/p>\n<p><a href=\"https:\/\/es.zenit.org\/\" target=\"_blank\" rel=\"nofollow\">Fuente: es.zenit.org<\/a><\/p>\n","protected":false},"excerpt":{"rendered":"<p>(ZENIT \u2013 Roma).- La Fundaci\u00f3n Chile Unido realiz\u00f3 este martes, una Fiesta de Navidad para celebrar a m\u00e1s de 100 mam\u00e1s en representaci\u00f3n de las casi 600 mujeres embarazadas que acompa\u00f1aron durante el presente a\u00f1o. Esto gracias a su programa de Acompa\u00f1amiento Integral a mujeres con embarazos vulnerables, y que en sus 18 a\u00f1os de &hellip; <a href=\"https:\/\/www.biblia.work\/noticias\/chile-encuentro-interreligioso-junto-a-madres-en-riesgo-de-abortar\/\" class=\"more-link\">Continuar leyendo<span class=\"screen-reader-text\"> \u00abChile: encuentro interreligioso junto a madres en riesgo de abortar\u00bb<\/span><\/a><\/p>\n","protected":false},"author":1,"featured_media":0,"comment_status":"open","ping_status":"closed","sticky":false,"template":"","format":"standard","meta":{"footnotes":""},"categories":[1],"tags":[],"class_list":["post-9718","post","type-post","status-publish","format-standard","hentry","category-general"],"_links":{"self":[{"href":"https:\/\/www.biblia.work\/noticias\/wp-json\/wp\/v2\/posts\/9718","targetHints":{"allow":["GET"]}}],"collection":[{"href":"https:\/\/www.biblia.work\/noticias\/wp-json\/wp\/v2\/posts"}],"about":[{"href":"https:\/\/www.biblia.work\/noticias\/wp-json\/wp\/v2\/types\/post"}],"author":[{"embeddable":true,"href":"https:\/\/www.biblia.work\/noticias\/wp-json\/wp\/v2\/users\/1"}],"replies":[{"embeddable":true,"href":"https:\/\/www.biblia.work\/noticias\/wp-json\/wp\/v2\/comments?post=9718"}],"version-history":[{"count":0,"href":"https:\/\/www.biblia.work\/noticias\/wp-json\/wp\/v2\/posts\/9718\/revisions"}],"wp:attachment":[{"href":"https:\/\/www.biblia.work\/noticias\/wp-json\/wp\/v2\/media?parent=9718"}],"wp:term":[{"taxonomy":"category","embeddable":true,"href":"https:\/\/www.biblia.work\/noticias\/wp-json\/wp\/v2\/categories?post=9718"},{"taxonomy":"post_tag","embeddable":true,"href":"https:\/\/www.biblia.work\/noticias\/wp-json\/wp\/v2\/tags?post=9718"}],"curies":[{"name":"wp","href":"https:\/\/api.w.org\/{rel}","templated":true}]}}