{"id":9719,"date":"2016-12-07T13:05:02","date_gmt":"2016-12-07T18:05:02","guid":{"rendered":"http:\/\/www.biblia.work\/noticias\/lideres-musulmanes-a-trump-proteja-nuestros-derechos\/"},"modified":"2016-12-07T13:05:02","modified_gmt":"2016-12-07T18:05:02","slug":"lideres-musulmanes-a-trump-proteja-nuestros-derechos","status":"publish","type":"post","link":"https:\/\/www.biblia.work\/noticias\/lideres-musulmanes-a-trump-proteja-nuestros-derechos\/","title":{"rendered":"L\u00edderes musulmanes a Trump: \u201cProteja nuestros derechos\u201d"},"content":{"rendered":"<p style=\"text-align: justify\">Con la creciente violencia contra miembros de la comunidad isl\u00e1mica, y en medio de los rumores de un \u00abRegistro Musulm\u00e1n\u00bb, cientos de l\u00edderes musulmanes estadounidenses han firmado una carta pidiendo al presidente electo Donald Trump que defienda los derechos de todos los estadounidenses. <\/p>\n<p style=\"text-align: justify\"> <strong>\u00bfQu\u00e9 opinas de esta noticia? Ve a <a href=\"http:\/\/www.Facebook.com\/mundocristiano\">www.Facebook.com\/mundocristiano<\/a> y comenta.<\/strong> <\/p>\n<p style=\"text-align: justify\">La carta dice: \u00abLe instamos a condenar clara y fuertemente el sectarismo, los cr\u00edmenes de odio y el acoso escolar basado en prejuicios dirigidos a cualquier estadounidense, incluyendo a los musulmanes estadounidenses\u201d. <\/p>\n<p style=\"text-align: justify\">El Southern Poverty Law Center registr\u00f3 cientos de cr\u00edmenes de odio en los d\u00edas posteriores a las elecciones, siendo las comunidades musulmanas los blancos directos en muchos de esos incidentes. La carta se\u00f1alaba que la \u00abdenuncia de tal comportamiento\u00bb de Trump era un primer paso positivo. <\/p>\n<p style=\"text-align: justify\">Los musulmanes han sentido que Trump aliment\u00f3 la islamofobia durante toda su campa\u00f1a, espec\u00edficamente cuando pidi\u00f3 una prohibici\u00f3n &#8211; o, al menos, un registro &#8211; sobre los inmigrantes musulmanes que ingresan a Estados Unidos &#8211; una acci\u00f3n que la carta la llama \u201cinconstitucional\u201d. <\/p>\n<p style=\"text-align: justify\">Trump ha especificado que quiere una base de datos sobre los refugiados sirios, aunque no ha descartado una base de datos sobre todos los musulmanes. <\/p>\n<p style=\"text-align: justify\">Al menos un partidario de Trump dijo que ha habido un precedente en la historia de Estados Unidos para un registro de inmigrantes. Durante la Segunda Guerra Mundial, el presidente Franklin Delano Roosevelt emiti\u00f3 la Orden Ejecutiva 9066 y orden\u00f3 a los japoneses-americanos a los campamentos de internamiento. Un ciudadano, Fred Korematsu, puso una demanda. Su caso lleg\u00f3 a la Corte Suprema, y &#8211; \u00a1sorpresa! &#8211; el tribunal confirm\u00f3 la decisi\u00f3n del gobierno. Ese caso ha sido salvajemente criticado, pero &#8211; \u00a1sorpresa de nuevo! &#8211; todav\u00eda no se ha derrumbado. <\/p>\n<p style=\"text-align: justify\">La carta calific\u00f3 ese incidente como \u00abuno de los momentos m\u00e1s vergonzosos de la historia de nuestra naci\u00f3n\u00bb.<\/p>\n<p style=\"text-align: justify\">\u00abComo presidente electo, uno de sus deberes es asegurar nuestra seguridad colectiva, lo que incluye proteger los derechos de la Primera Enmienda de todos los estadounidenses a practicar libremente su fe, sin temor, intimidaci\u00f3n o represalias\u00bb.<\/p>\n<p style=\"text-align: justify\">Uno de los signatarios, Engy Abdelkader, un miembro de la Universidad de Georgetown, dijo al Huffington Post: \u00abCorresponde al presidente electo Trump reconocer el impacto de sus palabras, y mucho menos las posibles pol\u00edticas que se\u00f1alan a los estadounidenses por su religi\u00f3n, raza o etnicidad\u00bb.<\/p>\n<p style=\"text-align: justify\"><em>Fuente: <strong>www.MundoCristiano.tv <\/strong><\/em><\/p>\n","protected":false},"excerpt":{"rendered":"<p>Con la creciente violencia contra miembros de la comunidad isl\u00e1mica, y en medio de los rumores de un \u00abRegistro Musulm\u00e1n\u00bb, cientos de l\u00edderes musulmanes estadounidenses han firmado una carta pidiendo al presidente electo Donald Trump que defienda los derechos de todos los estadounidenses. \u00bfQu\u00e9 opinas de esta noticia? Ve a www.Facebook.com\/mundocristiano y comenta. La carta &hellip; <a href=\"https:\/\/www.biblia.work\/noticias\/lideres-musulmanes-a-trump-proteja-nuestros-derechos\/\" class=\"more-link\">Continuar leyendo<span class=\"screen-reader-text\"> \u00abL\u00edderes musulmanes a Trump: \u201cProteja nuestros derechos\u201d\u00bb<\/span><\/a><\/p>\n","protected":false},"author":1,"featured_media":0,"comment_status":"open","ping_status":"closed","sticky":false,"template":"","format":"standard","meta":{"footnotes":""},"categories":[1],"tags":[],"class_list":["post-9719","post","type-post","status-publish","format-standard","hentry","category-general"],"_links":{"self":[{"href":"https:\/\/www.biblia.work\/noticias\/wp-json\/wp\/v2\/posts\/9719","targetHints":{"allow":["GET"]}}],"collection":[{"href":"https:\/\/www.biblia.work\/noticias\/wp-json\/wp\/v2\/posts"}],"about":[{"href":"https:\/\/www.biblia.work\/noticias\/wp-json\/wp\/v2\/types\/post"}],"author":[{"embeddable":true,"href":"https:\/\/www.biblia.work\/noticias\/wp-json\/wp\/v2\/users\/1"}],"replies":[{"embeddable":true,"href":"https:\/\/www.biblia.work\/noticias\/wp-json\/wp\/v2\/comments?post=9719"}],"version-history":[{"count":0,"href":"https:\/\/www.biblia.work\/noticias\/wp-json\/wp\/v2\/posts\/9719\/revisions"}],"wp:attachment":[{"href":"https:\/\/www.biblia.work\/noticias\/wp-json\/wp\/v2\/media?parent=9719"}],"wp:term":[{"taxonomy":"category","embeddable":true,"href":"https:\/\/www.biblia.work\/noticias\/wp-json\/wp\/v2\/categories?post=9719"},{"taxonomy":"post_tag","embeddable":true,"href":"https:\/\/www.biblia.work\/noticias\/wp-json\/wp\/v2\/tags?post=9719"}],"curies":[{"name":"wp","href":"https:\/\/api.w.org\/{rel}","templated":true}]}}