{"id":9721,"date":"2016-12-07T13:15:02","date_gmt":"2016-12-07T18:15:02","guid":{"rendered":"http:\/\/www.biblia.work\/noticias\/venezuela-mesa-de-dialogo-en-dificultad-se-reactivara-el-13-de-enero\/"},"modified":"2016-12-07T13:15:02","modified_gmt":"2016-12-07T18:15:02","slug":"venezuela-mesa-de-dialogo-en-dificultad-se-reactivara-el-13-de-enero","status":"publish","type":"post","link":"https:\/\/www.biblia.work\/noticias\/venezuela-mesa-de-dialogo-en-dificultad-se-reactivara-el-13-de-enero\/","title":{"rendered":"Venezuela: mesa de di\u00e1logo en dificultad, se reactivar\u00e1 el 13 de enero"},"content":{"rendered":"<p style=\"text-align: justify\">(ZENIT \u2013 Roma).- El enviado del Vaticano, monse\u00f1or Claudio Mar\u00eda Celli, enviado del Vaticano para acompa\u00f1ar el di\u00e1logo pol\u00edtico en Venezuela entre el gobierno y la oposici\u00f3n, dijo hoy que este proceso retoma el pr\u00f3ximo 13 de enero. A\u00f1adi\u00f3 que ahora inicia una etapa de revisi\u00f3n, sobre consolidaci\u00f3n y sostenibilidad de las conversaciones.<\/p>\n<p style=\"text-align: justify\">Por su parte el cardenal arzobispo de Caracas, Jorge Urosa Savino, destac\u00f3 que el proceso de di\u00e1logo no se limita a una tertulia entre las partes, sino que debe conducir a resultados concretos en un determinado plazo.<\/p>\n<p style=\"text-align: justify\">Mons. Urosa revel\u00f3 a medios de prensa\u00a0que el cardenal Pietro Parol\u00edn en una carta enviada al gobierno indica: \u201cSe debe liberar a los presos pol\u00edticos, que son muchos. Es necesario que el gobierno act\u00fae de esta manera, por qu\u00e9 se trata de personas detenidas injustamente. La Iglesia no renuncia al di\u00e1logo y est\u00e1 en su esp\u00edritu seguir por este camino, pero se tienen que cumplir los acuerdos firmados en noviembre\u201d.<\/p>\n<p style=\"text-align: justify\">La respuesta a la carta no se hizo esperar y el l\u00edder chavista y diputado de la Asamblea Nacional, Diosdado Cabello en el marco de un acto en conmemoraci\u00f3n de la batalla de Urica atac\u00f3 al representante de la Sana Sede, el cardenal Pietro Parol\u00edn. \u201cEl Papa no ha mandado ninguna carta. Quien mand\u00f3 una carta fue el se\u00f1or Pietro Parolin. Falta de respeto, irresponsable, creer que desde el Vaticano van a tutelar a Venezuela. No se\u00f1or Parolin, usted est\u00e1 equivocado\u201d. Y dijo que \u201cmonse\u00f1or Parolin est\u00e1 asumiendo posiciones de la derecha venezolana\u201d.\u00a0A\u00f1adi\u00f3 que &#8220;el Vaticano no es ning\u00fan intermediario, el Vaticano no es ning\u00fan mediador. Est\u00e1 ah\u00ed como invitado, un facilitador. No tiene ning\u00fan derecho a veto, ni a hacer propuestas ni a tratar de inclinar hacia el sector &#8216;a&#8217; o &#8216;b&#8217; su posici\u00f3n\u201d.<\/p>\n<p style=\"text-align: justify\">La Agencia Venezolana de Noticias, se\u00f1ala que &#8220;el periodista y analista pol\u00edtico venezolano Jos\u00e9 Vicente Rangel lament\u00f3 que jerarcas de la iglesia cat\u00f3lica alineados con la oposici\u00f3n pol\u00edtica en el pa\u00eds contradigan la l\u00ednea del Papa Francisco&#8221;. Las declaraciones del ex presidente Hugo Ch\u00e1vez han sido\u00a0retomadas por la agencia Prensa Latina, con sede central en La Habana,<\/p>\n<p style=\"text-align: justify\">En cambio Mons. n su\u00a0breve encuentro con la prensa, despu\u00e9s del ataque del diputado gubernativo contra la carta del cardenal Parol\u00edn, Mons.\u00a0Urosa se\u00f1al\u00f3 que \u201cla Conferencia Episcopal y los obispos venezolanos est\u00e1n en sinton\u00eda con el Papa Francisco, y todos queremos apoyar los esfuerzos para encontrar soluciones constitucionales a la crisis\u201d. Precis\u00f3 que \u201cel Card. Parolin, respetuosamente, ha indicado las condiciones para que haya un di\u00e1logo real: la liberaci\u00f3n de los presos pol\u00edticos, el calendario electoral y el respeto por la Asamblea Nacional, entre otras cosas\u201d.<\/p>\n<p><span class=\"et_bloom_bottom_trigger\"><\/span><\/p>\n<p><a href=\"https:\/\/es.zenit.org\/\" target=\"_blank\" rel=\"nofollow\">Fuente: es.zenit.org<\/a><\/p>\n","protected":false},"excerpt":{"rendered":"<p>(ZENIT \u2013 Roma).- El enviado del Vaticano, monse\u00f1or Claudio Mar\u00eda Celli, enviado del Vaticano para acompa\u00f1ar el di\u00e1logo pol\u00edtico en Venezuela entre el gobierno y la oposici\u00f3n, dijo hoy que este proceso retoma el pr\u00f3ximo 13 de enero. A\u00f1adi\u00f3 que ahora inicia una etapa de revisi\u00f3n, sobre consolidaci\u00f3n y sostenibilidad de las conversaciones. Por su &hellip; <a href=\"https:\/\/www.biblia.work\/noticias\/venezuela-mesa-de-dialogo-en-dificultad-se-reactivara-el-13-de-enero\/\" class=\"more-link\">Continuar leyendo<span class=\"screen-reader-text\"> \u00abVenezuela: mesa de di\u00e1logo en dificultad, se reactivar\u00e1 el 13 de enero\u00bb<\/span><\/a><\/p>\n","protected":false},"author":1,"featured_media":0,"comment_status":"open","ping_status":"closed","sticky":false,"template":"","format":"standard","meta":{"footnotes":""},"categories":[1],"tags":[],"class_list":["post-9721","post","type-post","status-publish","format-standard","hentry","category-general"],"_links":{"self":[{"href":"https:\/\/www.biblia.work\/noticias\/wp-json\/wp\/v2\/posts\/9721","targetHints":{"allow":["GET"]}}],"collection":[{"href":"https:\/\/www.biblia.work\/noticias\/wp-json\/wp\/v2\/posts"}],"about":[{"href":"https:\/\/www.biblia.work\/noticias\/wp-json\/wp\/v2\/types\/post"}],"author":[{"embeddable":true,"href":"https:\/\/www.biblia.work\/noticias\/wp-json\/wp\/v2\/users\/1"}],"replies":[{"embeddable":true,"href":"https:\/\/www.biblia.work\/noticias\/wp-json\/wp\/v2\/comments?post=9721"}],"version-history":[{"count":0,"href":"https:\/\/www.biblia.work\/noticias\/wp-json\/wp\/v2\/posts\/9721\/revisions"}],"wp:attachment":[{"href":"https:\/\/www.biblia.work\/noticias\/wp-json\/wp\/v2\/media?parent=9721"}],"wp:term":[{"taxonomy":"category","embeddable":true,"href":"https:\/\/www.biblia.work\/noticias\/wp-json\/wp\/v2\/categories?post=9721"},{"taxonomy":"post_tag","embeddable":true,"href":"https:\/\/www.biblia.work\/noticias\/wp-json\/wp\/v2\/tags?post=9721"}],"curies":[{"name":"wp","href":"https:\/\/api.w.org\/{rel}","templated":true}]}}