{"id":9724,"date":"2016-12-07T14:10:02","date_gmt":"2016-12-07T19:10:02","guid":{"rendered":"http:\/\/www.biblia.work\/noticias\/estado-islamico-amenaza-con-atacar-eeuu-el-dia-que-trump-tome-posesion\/"},"modified":"2016-12-07T14:10:02","modified_gmt":"2016-12-07T19:10:02","slug":"estado-islamico-amenaza-con-atacar-eeuu-el-dia-que-trump-tome-posesion","status":"publish","type":"post","link":"https:\/\/www.biblia.work\/noticias\/estado-islamico-amenaza-con-atacar-eeuu-el-dia-que-trump-tome-posesion\/","title":{"rendered":"Estado Isl\u00e1mico amenaza con atacar EEUU el d\u00eda que Trump tome posesi\u00f3n"},"content":{"rendered":"<p style=\"text-align: justify\">EE.UU.- Para promover su campa\u00f1a a principios de este a\u00f1o, el presidente electo Donald Trump afirm\u00f3 que inmediatamente despu\u00e9s de asumir el cargo (el 20 de enero en los EE.UU.), convocar\u00eda a sus generales para preparar un plan para destruir al Estado Isl\u00e1mico &#8220;dentro de 30 d\u00edas&#8221;.<\/p>\n<p style=\"text-align: justify\">El grupo radical isl\u00e1mico hizo su \u00faltima amenaza el \u00faltimo fin de semana, diciendo que el d\u00eda de la toma de posesi\u00f3n de Trump (&#8216;Inauguration Day&#8217; \/ &#8216;D\u00eda de Inauguraci\u00f3n&#8217;, como los americanos le llaman), ser\u00e1 en realidad un &#8216;Bloody Friday&#8217; (viernes sangriento en los Estados Unidos).<\/p>\n<p style=\"text-align: justify\">El peri\u00f3dico &#8216;Express&#8217;, del Reino Unido, tambi\u00e9n inform\u00f3 de que las fuerzas especiales de Estados Unidos est\u00e1n en estado de alerta y la comunidad de inteligencia est\u00e1 investigando las afirmaciones del grupo terrorista.<\/p>\n<p style=\"text-align: justify\">La organizaci\u00f3n terrorista isl\u00e1mica ha reclutado a un n\u00famero de nuevos agentes de habla inglesa en los \u00faltimos meses en un importante intento de enviar sus mensajes y comandos antes del evento.<\/p>\n<p style=\"text-align: justify\">Las fuerzas especiales estadounidenses est\u00e1n en estado de alerta cuando Trump asuma el cargo de Presidente de los Estados Unidos, el viernes 20 de enero de 2017, en Washington.<\/p>\n<p style=\"text-align: justify\">M\u00e1s analistas de seguridad han monitoreado las comunicaciones de los miembros del grupo que est\u00e1n planeando ataques a gran escala en el d\u00eda de la inauguraci\u00f3n de Trump, de acuerdo con el Express.<\/p>\n<p style=\"text-align: justify\">Los informes tambi\u00e9n indican que el Estado Isl\u00e1mico expandi\u00f3 la producci\u00f3n de ediciones especiales de sus v\u00eddeos oficiales con subt\u00edtulos en ingl\u00e9s en las \u00faltimas semanas para fortalecer los objetivos en suelo americano.<\/p>\n<p style=\"text-align: justify\">Los canales de la agencia Amaq (vinculado al Estado Isl\u00e1mico) en Telegram, volvieron a ser activados, despu\u00e9s que fueron desligados tras un ataque terrorista en los EE.UU.<\/p>\n<p style=\"text-align: justify\">El \u2018Express\u2019 no dio detalles acerca de sus fuentes. Los Estados Unidos est\u00e1 actualmente involucrado en la lucha para recuperar la ciudad de Mosul, en el norte de Irak, que ha estado en manos de los terroristas del Estado Isl\u00e1mico. La organizaci\u00f3n hab\u00eda reivindicado la ciudad como la capital de su &#8220;Califato&#8221;, lo que ser\u00eda la concretizaci\u00f3n del Estado Isl\u00e1mico.<\/p>\n<p style=\"text-align: justify\"><strong>Genocidio<\/strong><\/p>\n<p style=\"text-align: justify\">Durante este a\u00f1o 2016, el Parlamento Europeo y el Secretario de Estado de Estados Unidos, reconocieron que el Estado Isl\u00e1mico ha cometido sistem\u00e1ticamente brutales cr\u00edmenes contra las minor\u00edas religiosas y \u00e9tnicas (incluyendo cristianos) en el Oriente Medio, como es el genocidio contra estos grupos minoritarios.<\/p>\n<p style=\"text-align: justify\">Crucifixiones, degollaciones e incluso la quema v\u00edctimas hasta la muerte, est\u00e1n entre las muchas pr\u00e1cticas de los terroristas de este grupo.<\/p>\n<p style=\"text-align: justify\">La entrada <a rel=\"nofollow\" href=\"http:\/\/www.noticiacristiana.com\/sociedad\/2016\/12\/estado-islamico-atacar-eeuu-trump.html\">Estado Isl\u00e1mico amenaza con atacar EEUU el d\u00eda que Trump tome posesi\u00f3n<\/a> aparece primero en <a rel=\"nofollow\" href=\"http:\/\/www.noticiacristiana.com\">NoticiaCristiana.com<\/a>.<\/p>\n","protected":false},"excerpt":{"rendered":"<p>EE.UU.- Para promover su campa\u00f1a a principios de este a\u00f1o, el presidente electo Donald Trump afirm\u00f3 que inmediatamente despu\u00e9s de asumir el cargo (el 20 de enero en los EE.UU.), convocar\u00eda a sus generales para preparar un plan para destruir al Estado Isl\u00e1mico &#8220;dentro de 30 d\u00edas&#8221;. El grupo radical isl\u00e1mico hizo su \u00faltima amenaza &hellip; <a href=\"https:\/\/www.biblia.work\/noticias\/estado-islamico-amenaza-con-atacar-eeuu-el-dia-que-trump-tome-posesion\/\" class=\"more-link\">Continuar leyendo<span class=\"screen-reader-text\"> \u00abEstado Isl\u00e1mico amenaza con atacar EEUU el d\u00eda que Trump tome posesi\u00f3n\u00bb<\/span><\/a><\/p>\n","protected":false},"author":1,"featured_media":0,"comment_status":"open","ping_status":"closed","sticky":false,"template":"","format":"standard","meta":{"footnotes":""},"categories":[1],"tags":[],"class_list":["post-9724","post","type-post","status-publish","format-standard","hentry","category-general"],"_links":{"self":[{"href":"https:\/\/www.biblia.work\/noticias\/wp-json\/wp\/v2\/posts\/9724","targetHints":{"allow":["GET"]}}],"collection":[{"href":"https:\/\/www.biblia.work\/noticias\/wp-json\/wp\/v2\/posts"}],"about":[{"href":"https:\/\/www.biblia.work\/noticias\/wp-json\/wp\/v2\/types\/post"}],"author":[{"embeddable":true,"href":"https:\/\/www.biblia.work\/noticias\/wp-json\/wp\/v2\/users\/1"}],"replies":[{"embeddable":true,"href":"https:\/\/www.biblia.work\/noticias\/wp-json\/wp\/v2\/comments?post=9724"}],"version-history":[{"count":0,"href":"https:\/\/www.biblia.work\/noticias\/wp-json\/wp\/v2\/posts\/9724\/revisions"}],"wp:attachment":[{"href":"https:\/\/www.biblia.work\/noticias\/wp-json\/wp\/v2\/media?parent=9724"}],"wp:term":[{"taxonomy":"category","embeddable":true,"href":"https:\/\/www.biblia.work\/noticias\/wp-json\/wp\/v2\/categories?post=9724"},{"taxonomy":"post_tag","embeddable":true,"href":"https:\/\/www.biblia.work\/noticias\/wp-json\/wp\/v2\/tags?post=9724"}],"curies":[{"name":"wp","href":"https:\/\/api.w.org\/{rel}","templated":true}]}}