{"id":9732,"date":"2016-12-07T19:05:02","date_gmt":"2016-12-08T00:05:02","guid":{"rendered":"http:\/\/www.biblia.work\/noticias\/israel-y-la-iglesia-evangelica-de-latinoamerica-estrechan-lazos-de-amistad\/"},"modified":"2016-12-07T19:05:02","modified_gmt":"2016-12-08T00:05:02","slug":"israel-y-la-iglesia-evangelica-de-latinoamerica-estrechan-lazos-de-amistad","status":"publish","type":"post","link":"https:\/\/www.biblia.work\/noticias\/israel-y-la-iglesia-evangelica-de-latinoamerica-estrechan-lazos-de-amistad\/","title":{"rendered":"Israel y la Iglesia Evang\u00e9lica de Latinoam\u00e9rica estrechan lazos de amistad"},"content":{"rendered":"<p style=\"text-align: justify\">Un grupo de l\u00edderes evang\u00e9licos destacados de Am\u00e9rica Latina se encuentra en Israel, estrechando lazos con la naci\u00f3n.  <\/p>\n<p style=\"text-align: justify\">Mois\u00e9s envi\u00f3 a doce varones a reconocer la tierra, y a ver como es el terreno, si es f\u00e9rtil o est\u00e9ril, si en \u00e9l hay \u00e1rboles o no. Este grupo de l\u00edderes evang\u00e9licos latinoamericanos volver\u00e1 a sus pa\u00edses con un reportaje. <\/p>\n<p style=\"text-align: justify\"> <strong>\u00bfQu\u00e9 opinas de esta noticia? Ve a <a href=\"http:\/\/www.Facebook.com\/mundocristiano\">www.Facebook.com\/mundocristiano<\/a> y comenta.<\/strong> <\/p>\n<p style=\"text-align: justify\"> \u201cEstamos reunidos l\u00edderes de Latinoam\u00e9rica invitados por el Gobierno, para tener reuniones con el cuerpo diplom\u00e1tico, el legislativo y tambi\u00e9n el ejecutivo\u201d, dice el pastor Eduardo G\u00f3mez de Colombia.  <\/p>\n<p style=\"text-align: justify\"> \u201cTuvimos una reuni\u00f3n muy c\u00e1lida con el primer ministro de Israel, donde \u00e9l nos expres\u00f3 su gratitud y la del pueblo de Israel, por el amor que ellos sienten que el pueblo cristiano evang\u00e9lico le da a Israel\u201d, indica el pastor Jorge Marqu\u00e9s de Uruguay. <\/p>\n<p style=\"text-align: justify\"> \u201cOramos tambi\u00e9n por el primer ministro, Benjamin Netanyahu, pidiendo sabidur\u00eda de Dios para \u00e9l, y pues, qu\u00e9 mejor que estando en su oficina pudi\u00e9ramos orar personalmente por \u00e9l, lo cual accedi\u00f3. Y eso para nosotros fue una respuesta de Dios, porque vemos que cuando persistimos en oraci\u00f3n por alguien a la distancia, tarde o temprano Dios nos da el privilegio de cumplirlo\u201d, precisa Gilberto Rocher de M\u00e9xico. <\/p>\n<p style=\"text-align: justify\"> \u201cLa Embajada de Israel nos invit\u00f3 a participar en una alianza amigable con Israel, para conocer mucho m\u00e1s acerca de este pa\u00eds y estrechar los lazos amistosos\u201d, indica Ilya Carrera de Panam\u00e1. <\/p>\n<p style=\"text-align: justify\"> \u201cPara los l\u00edderes aqu\u00ed presente, de diferentes pa\u00edses, ha sido una experiencia \u00fanica que ha marcado nuestras vidas, y que ha dejado una huella indeleble e imborrable, por el Esp\u00edritu Santo en nuestras mentes y nuestros corazones\u201d, asevera G\u00f3mez. <\/p>\n<p style=\"text-align: justify\"> \u201cVengo desde Uruguay a plantar \u00e1rboles en Israel, yo soy pastor cristiano y en Israel tenemos nuestras ra\u00edces, nuestros valores, nuestra fe y nuestro Dios\u201d, dice Marqu\u00e9s. <\/p>\n<p style=\"text-align: justify\"> \u201cHemos orado por la situaci\u00f3n ecol\u00f3gica de Israel, por las lluvias. La semana pasada que ocurrieron los incendios or\u00e1bamos por los bosques\u201d, comenta Rocher. <\/p>\n<p style=\"text-align: justify\">El grupo latinoamericano lee la oraci\u00f3n o bendici\u00f3n para la plantaci\u00f3n de \u00e1rboles. <\/p>\n<p style=\"text-align: justify\"> \u201cT\u00fa que has construido a Sion y a Jerusal\u00e9n, contempla y bendice a esta tu tierra con tu misericordia. Br\u00edndale roc\u00edo para bendici\u00f3n y env\u00edale lluvias en tiempo propicio\u201d, dice el pastor Felipe Garc\u00eda, de M\u00e9xico. <\/p>\n<p style=\"text-align: justify\"> \u201cHemos plantado un \u00e1rbol en Israel porque tenemos una conexi\u00f3n profunda. As\u00ed como \u00e9ste \u00e1rbol va a echar ra\u00edces, nuestros corazones tienen ra\u00edces en esta tierra, nuestra fe es parte de esta naci\u00f3n, amar esta naci\u00f3n es parte de lo que nosotros creemos y nuestra salvaci\u00f3n ha venido de esta tierra, a trav\u00e9s de Jesucristo, y es por esa raz\u00f3n que al orar diariamente por esta naci\u00f3n recordaremos que hay un \u00e1rbol, tambi\u00e9n, plantado como un s\u00edmbolo de nuestra conexi\u00f3n profunda con Israel\u201d, explica el pastor Fernando Solares, de Guatemala. <\/p>\n<p style=\"text-align: justify\"> \u201cPlantando un \u00e1rbol, un roble especial, aqu\u00ed, simb\u00f3lico, que muestra la solidaridad con la tierra de Israel y con la poblaci\u00f3n. Nosotros por medio de la creaci\u00f3n de vida, de estos \u00e1rboles damos nuestra pauta hacia el futuro. Estamos aqu\u00ed forestando la tierra de Israel en conjunto y creando esta conexi\u00f3n eterna con las personas y la tierra de Israel\u201d, indica Ariel Goldgewicht, director del Departamento Latinoam\u00e9rica Keren Kayemet LeIsrael (KKL). <\/p>\n<p style=\"text-align: justify\"> \u201cEs el pueblo escogido. Tenemos que ser un solo cuerpo. Israel es parte de nuestras ra\u00edces, y estamos aqu\u00ed para bendecirte Israel\u201d, precisa Rita Jornu, de Per\u00fa. <\/p>\n<p style=\"text-align: justify\">Estos 16 l\u00edderes evang\u00e9licos de toda Latinoam\u00e9rica representando a millones de creyentes, dejaron sus arbolitos plantados en la tierra de Israel. Un s\u00edmbolo de vida para todas las generaciones. <\/p>\n<p style=\"text-align: justify\"><em>Fuente: <strong>www.MundoCristiano.tv <\/strong><\/em><\/p>\n","protected":false},"excerpt":{"rendered":"<p>Un grupo de l\u00edderes evang\u00e9licos destacados de Am\u00e9rica Latina se encuentra en Israel, estrechando lazos con la naci\u00f3n. Mois\u00e9s envi\u00f3 a doce varones a reconocer la tierra, y a ver como es el terreno, si es f\u00e9rtil o est\u00e9ril, si en \u00e9l hay \u00e1rboles o no. Este grupo de l\u00edderes evang\u00e9licos latinoamericanos volver\u00e1 a sus &hellip; <a href=\"https:\/\/www.biblia.work\/noticias\/israel-y-la-iglesia-evangelica-de-latinoamerica-estrechan-lazos-de-amistad\/\" class=\"more-link\">Continuar leyendo<span class=\"screen-reader-text\"> \u00abIsrael y la Iglesia Evang\u00e9lica de Latinoam\u00e9rica estrechan lazos de amistad\u00bb<\/span><\/a><\/p>\n","protected":false},"author":1,"featured_media":0,"comment_status":"open","ping_status":"closed","sticky":false,"template":"","format":"standard","meta":{"footnotes":""},"categories":[1],"tags":[],"class_list":["post-9732","post","type-post","status-publish","format-standard","hentry","category-general"],"_links":{"self":[{"href":"https:\/\/www.biblia.work\/noticias\/wp-json\/wp\/v2\/posts\/9732","targetHints":{"allow":["GET"]}}],"collection":[{"href":"https:\/\/www.biblia.work\/noticias\/wp-json\/wp\/v2\/posts"}],"about":[{"href":"https:\/\/www.biblia.work\/noticias\/wp-json\/wp\/v2\/types\/post"}],"author":[{"embeddable":true,"href":"https:\/\/www.biblia.work\/noticias\/wp-json\/wp\/v2\/users\/1"}],"replies":[{"embeddable":true,"href":"https:\/\/www.biblia.work\/noticias\/wp-json\/wp\/v2\/comments?post=9732"}],"version-history":[{"count":0,"href":"https:\/\/www.biblia.work\/noticias\/wp-json\/wp\/v2\/posts\/9732\/revisions"}],"wp:attachment":[{"href":"https:\/\/www.biblia.work\/noticias\/wp-json\/wp\/v2\/media?parent=9732"}],"wp:term":[{"taxonomy":"category","embeddable":true,"href":"https:\/\/www.biblia.work\/noticias\/wp-json\/wp\/v2\/categories?post=9732"},{"taxonomy":"post_tag","embeddable":true,"href":"https:\/\/www.biblia.work\/noticias\/wp-json\/wp\/v2\/tags?post=9732"}],"curies":[{"name":"wp","href":"https:\/\/api.w.org\/{rel}","templated":true}]}}