{"id":9734,"date":"2016-12-07T20:05:02","date_gmt":"2016-12-08T01:05:02","guid":{"rendered":"http:\/\/www.biblia.work\/noticias\/cuba-policia-traslada-a-lider-del-mcl-a-prision-para-juzgarlo-por-criticar-a-fidel-castro\/"},"modified":"2016-12-07T20:05:02","modified_gmt":"2016-12-08T01:05:02","slug":"cuba-policia-traslada-a-lider-del-mcl-a-prision-para-juzgarlo-por-criticar-a-fidel-castro","status":"publish","type":"post","link":"https:\/\/www.biblia.work\/noticias\/cuba-policia-traslada-a-lider-del-mcl-a-prision-para-juzgarlo-por-criticar-a-fidel-castro\/","title":{"rendered":"Cuba: Polic\u00eda traslada a l\u00edder del MCL a prisi\u00f3n para juzgarlo por criticar a Fidel Castro"},"content":{"rendered":"<p> LA HABANA, 07 Dic. 16 (ACI).-<br \/>\n\tEl activista Yordan Mari&ntilde;o inform&oacute; que este 7 de diciembre ser&aacute; trasladado a la prisi&oacute;n provisional de Holgu&iacute;n el coordinador nacional del Movimiento Cristiano Liberaci&oacute;n (MCL), Eduardo Cardet Concepci&oacute;n, en espera de ser juzgado por &ldquo;desorden p&uacute;blico y atentado&rdquo;, argumentos usados para encarcelarlo por criticar a Fidel Castro.<\/p>\n<p style=\"text-align: justify\">\n\tEn un audio difundido por el MCL, Mari&ntilde;o relat&oacute; que ayer en la tarde la suegra y la esposa de Cardet se dirigieron a la sede de la Polic&iacute;a en Velasco (Holgu&iacute;n) para pedir informaci&oacute;n sobre el l&iacute;der opositor y corroborar su estado de salud, debido a la violenta golpiza que recibi&oacute; el 30 de noviembre durante su detenci&oacute;n.<\/p>\n<p style=\"text-align: justify\">\n\tSin embargo, denunci&oacute; el MCL, los polic&iacute;as &ldquo;no han permitido a la familia ver a Eduardo, por lo que se desconoce cu&aacute;l es su estado f&iacute;sico&rdquo;.<\/p>\n<p style=\"text-align: justify\">\n\tMari&ntilde;o indic&oacute; que el jefe de la Polic&iacute;a solamente &ldquo;inform&oacute; que hoy iba a ser trasladado Eduardo a la prisi&oacute;n provisional de la provincia de Holgu&iacute;n para ah&iacute; esperar su juicio, donde le acusan de atentado, desorden p&uacute;blico y varios cargos m&aacute;s&rdquo;. &ldquo;La Seguridad del Estado se limpi&oacute; las manos, le entreg&oacute; el caso a la Polic&iacute;a para convertirlo en un caso com&uacute;n&rdquo;, a&ntilde;adi&oacute;.<\/p>\n<p style=\"text-align: justify\">\n\tEl 1 de diciembre, el MCL denunci&oacute; que el gobierno pretende condenar a 15 a&ntilde;os de c&aacute;rcel a Cardet usando como excusa los cargos de &ldquo;desacato, esc&aacute;ndalo p&uacute;blico, resistencia a la autoridad y lesiones&rdquo;, pues en el fondo se trata de &ldquo;una represalia por haber criticado a Fidel Castro&rdquo; y por la labor del movimiento dentro y fuera de la isla a favor de iniciativas como &ldquo;Un Cubano un voto&rdquo; para que se celebren en Cuba elecciones libres y plurales.<\/p>\n<p style=\"text-align: justify\">\n\tMari&ntilde;o indic&oacute; hoy mi&eacute;rcoles que ya &ldquo;se ve&iacute;a venir&rdquo; la represalia contra el coordinador nacional del MCL.<\/p>\n<p style=\"text-align: justify\">\n\t&ldquo;Ellos (el gobierno) estaban locos por fabricarle una causa a Eduardo y lo lograron porque lo provocaron, lo golpearon&rdquo;. Sin embargo, asegur&oacute; que el movimiento disidente tiene &ldquo;testigos a favor de Eduardo, de que fue golpeado en plena calle y que &eacute;l no ha cometido los cargos de que lo acusan. Esos testigos los vamos a presentar, as&iacute; que no va ser muy f&aacute;cil que le fabriquen una causa&rdquo;, afirm&oacute;.<\/p>\n<p style=\"text-align: justify\">\n\tPor su parte, el MCL tambi&eacute;n inform&oacute; hoy que el pasado 5 de diciembre fueron detenidos tres j&oacute;venes activistas de Manat&iacute;, Las Tunas. Indic&oacute; que el objetivo del r&eacute;gimen era &ldquo;evitar su viaje a Holgu&iacute;n e interesarse por la situaci&oacute;n Eduardo Cardet.<\/p>\n<p style=\"text-align: justify\">\n\tIndic&oacute; que los tres j&oacute;venes son Jos&eacute; Miguel Cede&ntilde;o, Rafael Ayala y Juan Almaguer, quienes adem&aacute;s &ldquo;fueron amenazados para que dejasen el MCL y no se pusieran en contacto con MCL en Holgu&iacute;n&rdquo;.<\/p>\n<p style=\"text-align: justify\">\n\tEl caso de Cardet ha interesado tambi&eacute;n a la comunidad internacional. Entre quienes se han pronunciado est&aacute; la Organizaci&oacute;n Dem&oacute;crata Cristiana de Am&eacute;rica (ODCA), que ayer martes demand&oacute; al gobierno de Cuba que libere de forma &ldquo;inmediata&rdquo; al l&iacute;der opositor.<\/p>\n<p style=\"text-align: justify\">\n\tTambi&eacute;n se pronunci&oacute; el alcalde Miami (Estados Unidos), Tom&aacute;s Regalado, que pidi&oacute; a las organizaciones c&iacute;vicas que soliciten en Washington una acci&oacute;n diplom&aacute;tica a favor del m&eacute;dico disidente.<\/p>\n<p style=\"text-align: justify\">\n\tTambi&eacute;n te puede interesar:<\/p>\n<p style=\"text-align: justify\">\n\t\tDemocracia Cristiana de Am&eacute;rica demanda a Cuba liberar a Eduardo Cardet https:\/\/t.co\/s4bHUFfFQ5<\/p>\n<p>\t&mdash; ACI Prensa (@aciprensa) 6 de diciembre de 2016<\/p>\n","protected":false},"excerpt":{"rendered":"<p>LA HABANA, 07 Dic. 16 (ACI).- El activista Yordan Mari&ntilde;o inform&oacute; que este 7 de diciembre ser&aacute; trasladado a la prisi&oacute;n provisional de Holgu&iacute;n el coordinador nacional del Movimiento Cristiano Liberaci&oacute;n (MCL), Eduardo Cardet Concepci&oacute;n, en espera de ser juzgado por &ldquo;desorden p&uacute;blico y atentado&rdquo;, argumentos usados para encarcelarlo por criticar a Fidel Castro. En &hellip; <a href=\"https:\/\/www.biblia.work\/noticias\/cuba-policia-traslada-a-lider-del-mcl-a-prision-para-juzgarlo-por-criticar-a-fidel-castro\/\" class=\"more-link\">Continuar leyendo<span class=\"screen-reader-text\"> \u00abCuba: Polic\u00eda traslada a l\u00edder del MCL a prisi\u00f3n para juzgarlo por criticar a Fidel Castro\u00bb<\/span><\/a><\/p>\n","protected":false},"author":1,"featured_media":0,"comment_status":"open","ping_status":"closed","sticky":false,"template":"","format":"standard","meta":{"footnotes":""},"categories":[1],"tags":[],"class_list":["post-9734","post","type-post","status-publish","format-standard","hentry","category-general"],"_links":{"self":[{"href":"https:\/\/www.biblia.work\/noticias\/wp-json\/wp\/v2\/posts\/9734","targetHints":{"allow":["GET"]}}],"collection":[{"href":"https:\/\/www.biblia.work\/noticias\/wp-json\/wp\/v2\/posts"}],"about":[{"href":"https:\/\/www.biblia.work\/noticias\/wp-json\/wp\/v2\/types\/post"}],"author":[{"embeddable":true,"href":"https:\/\/www.biblia.work\/noticias\/wp-json\/wp\/v2\/users\/1"}],"replies":[{"embeddable":true,"href":"https:\/\/www.biblia.work\/noticias\/wp-json\/wp\/v2\/comments?post=9734"}],"version-history":[{"count":0,"href":"https:\/\/www.biblia.work\/noticias\/wp-json\/wp\/v2\/posts\/9734\/revisions"}],"wp:attachment":[{"href":"https:\/\/www.biblia.work\/noticias\/wp-json\/wp\/v2\/media?parent=9734"}],"wp:term":[{"taxonomy":"category","embeddable":true,"href":"https:\/\/www.biblia.work\/noticias\/wp-json\/wp\/v2\/categories?post=9734"},{"taxonomy":"post_tag","embeddable":true,"href":"https:\/\/www.biblia.work\/noticias\/wp-json\/wp\/v2\/tags?post=9734"}],"curies":[{"name":"wp","href":"https:\/\/api.w.org\/{rel}","templated":true}]}}