{"id":9738,"date":"2016-12-08T04:15:02","date_gmt":"2016-12-08T09:15:02","guid":{"rendered":"http:\/\/www.biblia.work\/noticias\/la-concepcion-inmaculada-de-maria-es-obra-de-la-trinidad-santa\/"},"modified":"2016-12-08T04:15:02","modified_gmt":"2016-12-08T09:15:02","slug":"la-concepcion-inmaculada-de-maria-es-obra-de-la-trinidad-santa","status":"publish","type":"post","link":"https:\/\/www.biblia.work\/noticias\/la-concepcion-inmaculada-de-maria-es-obra-de-la-trinidad-santa\/","title":{"rendered":"La Concepci\u00f3n Inmaculada de Mar\u00eda es obra de la Trinidad Santa"},"content":{"rendered":"<p style=\"text-align: justify\">(ZENIT &#8211; Roma).- En el d\u00eda de la Inmaculada Concepci\u00f3n citamos un texto del arzobispo de Sevilla,\u00a0Juan Jos\u00e9 Asenjo Pelegrina, parte de una carta pastoral de 2011 enviada a sus fieles.<\/p>\n<p style=\"text-align: center\">***<\/p>\n<p style=\"text-align: justify\">&#8220;La Concepci\u00f3n Inmaculada de Mar\u00eda es obra de toda la Trinidad Santa. Ante el extrav\u00edo de los hombres, alejados de Dios por el pecado, en la plenitud de los tiempos, el Hijo unig\u00e9nito de Dios se ofrece al Padre para venir al mundo y llevar a cabo la obra saludable de nuestra salvaci\u00f3n. Dios Padre prepara una madre para su Hijo, que se encarna por obra del Esp\u00edritu Santo para nuestra salvaci\u00f3n. Y elige una madre santa, pura y limpia, no manchada por el pecado original e inmune de pecados personales.<\/p>\n<p style=\"text-align: justify\">La Concepci\u00f3n Inmaculada de Mar\u00eda deriva de su maternidad divina. Por ser Dios, Jes\u00fas pudo dibujar el retrato f\u00edsico y espiritual de su madre y, en consecuencia, pudo hacerla santa, hermosa y \u201cllena de gracia\u201d (Lc 1,18). Este privilegio singular es el primer fruto de su muerte redentora. Mientras los dem\u00e1s hombres y mujeres somos limpiados del pecado original en el bautismo por el misterio pascual de Cristo muerto y resucitado, Mar\u00eda es preservada del pecado aplic\u00e1ndosele anticipadamente los m\u00e9ritos de su sacrificio redentor. Por ello, posee la plenitud de gracia y no hay en ella el menor atisbo de pecados personales. Aqu\u00ed se fundamentan los dem\u00e1s privilegios marianos, entre ellos su Asunci\u00f3n en cuerpo y alma a los cielos.<\/p>\n<p style=\"text-align: justify\">El sentido de la fe del pueblo cristiano, ya en los primeros siglos de la Iglesia, percibe a la Sant\u00edsima Virgen como \u201cla Pur\u00edsima\u201d, \u201cla sin pecado\u201d, convicci\u00f3n que se traslada a la liturgia y a las ense\u00f1anzas de los Padres y de los te\u00f3logos. En el camino hacia la definici\u00f3n, pocas naciones han contra\u00eddo tantos m\u00e9ritos como Espa\u00f1a. En el siglo XVI son muchas las instituciones, que hacen suyo el \u201cvoto de la Inmaculada\u201d. Universidades, gremios y cabildos e incluso ayuntamientos juran solemnemente defender \u201chasta el derramamiento de su sangre\u201d los privilegios marianos, especialmente el de la Inmaculada Concepci\u00f3n.<\/p>\n<p style=\"text-align: justify\">La conciencia de que Mar\u00eda fue concebida sin pecado crece en la \u00e9poca barroca, en la pluma de nuestros m\u00e1s eximios poetas, en los lienzos de nuestros m\u00e1s inspirados pintores, en las tallas de nuestros m\u00e1s esclarecidos escultores e imagineros y, sobre todo, en la devoci\u00f3n de nuestro pueblo. Por ello, no es extra\u00f1o que en Espa\u00f1a se viviera con singular regocijo y alegr\u00eda la definici\u00f3n dogm\u00e1tica por el papa P\u00edo IX. Destaca entre las diversas regiones Andaluc\u00eda, la \u201ctierra de Mar\u00eda Sant\u00edsima\u201d. Nuestra Archidi\u00f3cesis no queda a la zaga en la defensa del privilegio de la Concepci\u00f3n Inmaculada de Mar\u00eda.<\/p>\n<p style=\"text-align: justify\">A partir del Renacimiento, en su honor se erigen cofrad\u00edas, se celebran fiestas religiosas y salen a la luz numerosas publicaciones que defienden la limpia Concepci\u00f3n. A mediados del siglo XVII, son muchas las instituciones sevillanas, civiles, religiosas y acad\u00e9micas, que se imponen la obligaci\u00f3n de jurar la defensa de esta hermosa doctrina en los actos de toma de posesi\u00f3n de sus cargos. Otro tanto hacen desde entonces numeros\u00edsimas Hermandades en sus funciones principales. Fruto de este fervor mariano son los cientos y cientos de cuadros y tallas bell\u00edsimos dedicados a la Inmaculada en nuestra Catedral y en todas las iglesias de la Archidi\u00f3cesis, aspecto \u00e9ste que llama poderosamente la atenci\u00f3n de quienes venimos de otras latitudes geogr\u00e1ficas.<\/p>\n<p style=\"text-align: justify\">(&#8230;)\u00a0Vivid con toda intensidad la novena de la Inmaculada. Contemplad en estos d\u00edas las maravillas obradas por Dios en nuestra Madre. Alabad a la Sant\u00edsima Trinidad por Mar\u00eda, la obra m\u00e1s perfecta salida de sus manos. Felicitad y honrad a la Virgen y, sobre todo, imitadla luchando contra el pecado y tratando de vivir siempre en gracia de Dios. Pedid a Dios, con la oraci\u00f3n colecta de esta fiesta que \u00c9l que preserv\u00f3 a Mar\u00eda de todo pecado, \u201cnos conceda por su intercesi\u00f3n llegar a \u00c9l limpios de todas nuestras culpas\u201d.<\/p>\n<p><span class=\"et_bloom_bottom_trigger\"><\/span><\/p>\n<p><a href=\"https:\/\/es.zenit.org\/\" target=\"_blank\" rel=\"nofollow\">Fuente: es.zenit.org<\/a><\/p>\n","protected":false},"excerpt":{"rendered":"<p>(ZENIT &#8211; Roma).- En el d\u00eda de la Inmaculada Concepci\u00f3n citamos un texto del arzobispo de Sevilla,\u00a0Juan Jos\u00e9 Asenjo Pelegrina, parte de una carta pastoral de 2011 enviada a sus fieles. *** &#8220;La Concepci\u00f3n Inmaculada de Mar\u00eda es obra de toda la Trinidad Santa. Ante el extrav\u00edo de los hombres, alejados de Dios por el &hellip; <a href=\"https:\/\/www.biblia.work\/noticias\/la-concepcion-inmaculada-de-maria-es-obra-de-la-trinidad-santa\/\" class=\"more-link\">Continuar leyendo<span class=\"screen-reader-text\"> \u00abLa Concepci\u00f3n Inmaculada de Mar\u00eda es obra de la Trinidad Santa\u00bb<\/span><\/a><\/p>\n","protected":false},"author":1,"featured_media":0,"comment_status":"open","ping_status":"closed","sticky":false,"template":"","format":"standard","meta":{"footnotes":""},"categories":[1],"tags":[],"class_list":["post-9738","post","type-post","status-publish","format-standard","hentry","category-general"],"_links":{"self":[{"href":"https:\/\/www.biblia.work\/noticias\/wp-json\/wp\/v2\/posts\/9738","targetHints":{"allow":["GET"]}}],"collection":[{"href":"https:\/\/www.biblia.work\/noticias\/wp-json\/wp\/v2\/posts"}],"about":[{"href":"https:\/\/www.biblia.work\/noticias\/wp-json\/wp\/v2\/types\/post"}],"author":[{"embeddable":true,"href":"https:\/\/www.biblia.work\/noticias\/wp-json\/wp\/v2\/users\/1"}],"replies":[{"embeddable":true,"href":"https:\/\/www.biblia.work\/noticias\/wp-json\/wp\/v2\/comments?post=9738"}],"version-history":[{"count":0,"href":"https:\/\/www.biblia.work\/noticias\/wp-json\/wp\/v2\/posts\/9738\/revisions"}],"wp:attachment":[{"href":"https:\/\/www.biblia.work\/noticias\/wp-json\/wp\/v2\/media?parent=9738"}],"wp:term":[{"taxonomy":"category","embeddable":true,"href":"https:\/\/www.biblia.work\/noticias\/wp-json\/wp\/v2\/categories?post=9738"},{"taxonomy":"post_tag","embeddable":true,"href":"https:\/\/www.biblia.work\/noticias\/wp-json\/wp\/v2\/tags?post=9738"}],"curies":[{"name":"wp","href":"https:\/\/api.w.org\/{rel}","templated":true}]}}