{"id":9744,"date":"2016-12-08T07:15:02","date_gmt":"2016-12-08T12:15:02","guid":{"rendered":"http:\/\/www.biblia.work\/noticias\/el-papa-en-el-angelus-imitemos-el-si-incondicional-de-maria-y-no-nuestro-si-pero\/"},"modified":"2016-12-08T07:15:02","modified_gmt":"2016-12-08T12:15:02","slug":"el-papa-en-el-angelus-imitemos-el-si-incondicional-de-maria-y-no-nuestro-si-pero","status":"publish","type":"post","link":"https:\/\/www.biblia.work\/noticias\/el-papa-en-el-angelus-imitemos-el-si-incondicional-de-maria-y-no-nuestro-si-pero\/","title":{"rendered":"El Papa en el \u00e1ngelus: Imitemos el \u2018s\u00ed incondicional de Mar\u00eda\u2019 y no nuestro \u2018s\u00ed pero\u2026\u2019"},"content":{"rendered":"<p style=\"text-align: justify\">(ZENIT &#8211; Ciudad del Vaticano).-\u00a0En este jueves\u00a0fr\u00edo y soleado del final del oto\u00f1o en Italia, festividad de la Inmaculada Concepci\u00f3n, el papa Francisco desde la ventana de su estudio que da hacia la plaza de San Pedro rez\u00f3 la oraci\u00f3n del \u00e1ngelus delante de los miles de fieles all\u00ed reunidos. El Santo Padre record\u00f3 que cada &#8216;s\u00ed&#8217; a Dios da origen a historias de salvaci\u00f3n para nosotros y para los dem\u00e1s.\u00a0Y de nuestros &#8216;s\u00ed Se\u00f1or pero&#8230;&#8217;\u00a0que\u00a0nos aleja de Dios y nos lleva al no del pecado de la mediocridad. E invit\u00f3 con generosidad y confianza como Mar\u00eda, a decir hoy este &#8216;s\u00ed&#8217; personal a Dios.<\/p>\n<p style=\"text-align: justify\">Texto completo del \u00e1ngelus<\/p>\n<p style=\"text-align: justify\">\u201cQueridos hermanos y hermanas \u00a1Buen d\u00eda!<\/p>\n<p style=\"text-align: justify\">Las lecturas de hoy, solemnidad de la Inmaculada Concepci\u00f3n de la Bienaventurada Virgen Mar\u00eda, presenta dos pasajes cruciales en la historia de la relaci\u00f3n entre el hombre y Dios: podr\u00edamos decir que nos conducen a los or\u00edgenes del bien y del mal. Estos dos pasos nos conducen en el origen del bien y del mal.<\/p>\n<p style=\"text-align: justify\">El libro de la G\u00e9nesis nos muestra el &#8216;no&#8217; de los or\u00edgenes, el &#8216;no&#8217; humano, cuando el hombre ha preferido mirarse a s\u00ed m\u00e1s bien que a su Creador, ha querido hacer con su cabeza, ha decidido bastarse a s\u00ed mismo.<\/p>\n<p style=\"text-align: justify\">Pero as\u00ed haciendo, al salirse de la comuni\u00f3n con Dios, se ha perdido justamente \u00e9l mismo y ha comenzado a tener miedo, a esconderse y acusar a quien le est\u00e1 cerca. Estos son los s\u00edntomas: el miedo, un s\u00edntoma de miedo a Dios, indica que estoy diciendo &#8216;no&#8217; a Dios, acusar a los otros y no acusarme a mi mismo significa que me estoy alejando de Dios y esto hace el pecado.<\/p>\n<p style=\"text-align: justify\">Pero el Se\u00f1or no deja al hombre a merced de su mal; enseguida lo busca y le dirige una palabra llena de temor: &#8216;\u00bfD\u00f3nde est\u00e1s?&#8217;. Como si digiera: &#8216;detente&#8217;. Es la pregunta de un padre o una madre que busca a su hijo perdido: &#8216;\u00bfD\u00f3nde est\u00e1s?&#8217;. &#8216;\u00bfEn qu\u00e9 situaci\u00f3n has terminado?&#8217;. Y esto Dios lo hace con tanta paciencia, hasta colmar la distancia que se crea en los or\u00edgenes.<\/p>\n<p style=\"text-align: justify\">Este es uno de los pasajes.\u00a0El segundo pasaje crucial narrado hoy en el Evangelio, es cuando Dios viene a habitar entre nosotros, se hace hombre como nosotros. Y esto ha sido posible por medio de un gran &#8216;s\u00ed&#8217;, el del pecado era un &#8216;no&#8217;, este es un &#8216;s\u00ed&#8217;, un gran &#8216;s\u00ed&#8217;, el de Mar\u00eda en el momento de la Anunciaci\u00f3n.<\/p>\n<p style=\"text-align: justify\">Por esto Jes\u00fas inici\u00f3 su camino en los caminos de la humanidad; lo inici\u00f3 en Mar\u00eda, transcurriendo los primeros meses de vida en el seno materno; no apareci\u00f3 ya adulto y fuerte, pero sigui\u00f3 todo el recorrido de un ser humano. Se hizo en todo igual a nosotros, excepto en una cosa: ese &#8216;no&#8217;, excepto el pecado.<\/p>\n<p style=\"text-align: justify\">Por esto ha elegido a Mar\u00eda, la \u00fanica criatura sin pecado, inmaculada. En el evangelio, con una palabra sola ella es llamada &#8216;llena de gracias&#8217;, o sea rebosante de gracia. Quiere decir que en ella, inmediatamente llena de gracia, no hay espacio para el pecado. Y tambi\u00e9n nosotros cuando nos dirigimos a ella reconocemos esta belleza: la invocamos &#8216;llena de gracia&#8217;, sin sombra de mal.<\/p>\n<p style=\"text-align: justify\">Mar\u00eda responde a la propuesta de Dios diciendo: &#8216;Aqu\u00ed est\u00e1 la esclava del Se\u00f1or&#8217;. No dice: &#8216;Bueno, esta vez har\u00e9 la voluntad de Dios, me vuelvo disponible, despu\u00e9s ver\u00e9&#8230;&#8217;.<\/p>\n<p style=\"text-align: justify\">No, el suyo es un &#8216;s\u00ed&#8217; que es pleno y sin condiciones. Y as\u00ed como el &#8216;no&#8217; de los or\u00edgenes hab\u00eda cerrado el paso del hombre a Dios, as\u00ed el &#8216;s\u00ed&#8217; de Mar\u00eda ha abierto el camino de Dios entre nosotros. Es el &#8216;s\u00ed&#8217; m\u00e1s importante de la historia, el &#8216;s\u00ed&#8217; humilde que derroca el &#8216;no&#8217; soberbio de los or\u00edgenes, el &#8216;s\u00ed&#8217; fiel que cura la desobediencia, el &#8216;s\u00ed&#8217; disponible que derroca el ego\u00edsmo del pecado.<\/p>\n<p style=\"text-align: justify\">Tambi\u00e9n cada uno de nosotros tiene una historia de salvaci\u00f3n hecha de &#8216;s\u00ed&#8217; y de &#8216;no&#8217; a Dios. A veces pero somos expertos en los medios &#8216;s\u00ed&#8217;: somos buenos para fingir que no hemos entendido bien lo que Dios querr\u00eda y la conciencia nos sugiere. Somos tambi\u00e9n astutos para no decir un &#8216;no&#8217; verdadero y propio a Dios y decimos: &#8216;Pero disc\u00falpame no puedo&#8217;, &#8216;no hoy pero ma\u00f1ana&#8217;, &#8216;ma\u00f1ana ser\u00e9 mejor, ma\u00f1ana rezar\u00e9, har\u00e9 el bien, ma\u00f1ana&#8217;. Esta astucia nos aleja de Dios y nos lleva al no del pecado, de la mediocridad. El famoso &#8216;pero&#8217;, &#8216;si Se\u00f1or pero&#8230;&#8217;<\/p>\n<p style=\"text-align: justify\">As\u00ed cerramos la puerta al bien y el mal se aprovecha de estos &#8216;s\u00ed&#8217; que faltaron. Cada uno de nosotros tiene una colecci\u00f3n adentro, de &#8216;s\u00ed&#8217; que han faltado.<\/p>\n<p style=\"text-align: justify\">En cambio cada &#8216;s\u00ed&#8217; pleno a Dios da origen a una historia nueva: decir s\u00ed a Dios es verdaderamente &#8216;original&#8217;, no el pecado que nos vuelve viejos en nuestro interior. Han pensado que el pecado nos vuelve viejos en el interior, nos envejece r\u00e1pidamente. Cada &#8216;s\u00ed&#8217; a Dios da origen a historias de salvaci\u00f3n para nosotros y para los dem\u00e1s.<\/p>\n<p style=\"text-align: justify\">En este camino de Adviento, Dios desea visitarnos y espera nuestro s\u00ed: pensemos, yo hoy qu\u00e9 &#8216;s\u00ed&#8217; tengo que decir a Dios, pensemos, nos har\u00e1 bien y escucharemos la voz del Se\u00f1or en nuestro interior que los llevar\u00e1 a realizar un paso adelante.\u00a0Con el cual le decimos: \u201cCreo en ti, espero en ti, te amo; se cumpla en mi tu voluntad de bien\u201d. Con generosidad y confianza imitando a Mar\u00eda digamos hoy, cada uno de nosotros, este s\u00ed personal a Dios.<\/p>\n<p style=\"text-align: justify\">A todos les deseo una buena fiesta y un buen camino de Adviento con la gu\u00eda de la Virgen Mar\u00eda. Y por favor no se olviden de rezar por mi. &#8216;\u00a1<em>Buon pranzo e arrivederci<\/em>!&#8217;&#8221;.<\/p>\n<p><span class=\"et_bloom_bottom_trigger\"><\/span><\/p>\n<p><a href=\"https:\/\/es.zenit.org\/\" target=\"_blank\" rel=\"nofollow\">Fuente: es.zenit.org<\/a><\/p>\n","protected":false},"excerpt":{"rendered":"<p>(ZENIT &#8211; Ciudad del Vaticano).-\u00a0En este jueves\u00a0fr\u00edo y soleado del final del oto\u00f1o en Italia, festividad de la Inmaculada Concepci\u00f3n, el papa Francisco desde la ventana de su estudio que da hacia la plaza de San Pedro rez\u00f3 la oraci\u00f3n del \u00e1ngelus delante de los miles de fieles all\u00ed reunidos. El Santo Padre record\u00f3 que &hellip; <a href=\"https:\/\/www.biblia.work\/noticias\/el-papa-en-el-angelus-imitemos-el-si-incondicional-de-maria-y-no-nuestro-si-pero\/\" class=\"more-link\">Continuar leyendo<span class=\"screen-reader-text\"> \u00abEl Papa en el \u00e1ngelus: Imitemos el \u2018s\u00ed incondicional de Mar\u00eda\u2019 y no nuestro \u2018s\u00ed pero\u2026\u2019\u00bb<\/span><\/a><\/p>\n","protected":false},"author":1,"featured_media":0,"comment_status":"open","ping_status":"closed","sticky":false,"template":"","format":"standard","meta":{"footnotes":""},"categories":[1],"tags":[],"class_list":["post-9744","post","type-post","status-publish","format-standard","hentry","category-general"],"_links":{"self":[{"href":"https:\/\/www.biblia.work\/noticias\/wp-json\/wp\/v2\/posts\/9744","targetHints":{"allow":["GET"]}}],"collection":[{"href":"https:\/\/www.biblia.work\/noticias\/wp-json\/wp\/v2\/posts"}],"about":[{"href":"https:\/\/www.biblia.work\/noticias\/wp-json\/wp\/v2\/types\/post"}],"author":[{"embeddable":true,"href":"https:\/\/www.biblia.work\/noticias\/wp-json\/wp\/v2\/users\/1"}],"replies":[{"embeddable":true,"href":"https:\/\/www.biblia.work\/noticias\/wp-json\/wp\/v2\/comments?post=9744"}],"version-history":[{"count":0,"href":"https:\/\/www.biblia.work\/noticias\/wp-json\/wp\/v2\/posts\/9744\/revisions"}],"wp:attachment":[{"href":"https:\/\/www.biblia.work\/noticias\/wp-json\/wp\/v2\/media?parent=9744"}],"wp:term":[{"taxonomy":"category","embeddable":true,"href":"https:\/\/www.biblia.work\/noticias\/wp-json\/wp\/v2\/categories?post=9744"},{"taxonomy":"post_tag","embeddable":true,"href":"https:\/\/www.biblia.work\/noticias\/wp-json\/wp\/v2\/tags?post=9744"}],"curies":[{"name":"wp","href":"https:\/\/api.w.org\/{rel}","templated":true}]}}