{"id":9751,"date":"2016-12-08T11:05:03","date_gmt":"2016-12-08T16:05:03","guid":{"rendered":"http:\/\/www.biblia.work\/noticias\/hace-175-anos-la-familia-salesiana-surgio-de-la-mano-de-la-inmaculada\/"},"modified":"2016-12-08T11:05:03","modified_gmt":"2016-12-08T16:05:03","slug":"hace-175-anos-la-familia-salesiana-surgio-de-la-mano-de-la-inmaculada","status":"publish","type":"post","link":"https:\/\/www.biblia.work\/noticias\/hace-175-anos-la-familia-salesiana-surgio-de-la-mano-de-la-inmaculada\/","title":{"rendered":"Hace 175 a\u00f1os la Familia Salesiana surgi\u00f3 de la mano de la Inmaculada"},"content":{"rendered":"<p> REDACCI\u00d3N CENTRAL, 08 Dic. 16 (ACI).-<br \/>\n\tEl d&iacute;a de la Inmaculada de 1841 San Juan Bosco conoci&oacute; en la sacrist&iacute;a del templo San Francisco de As&iacute;s de Tur&iacute;n a su primer alumno, un joven hu&eacute;rfano y analfabeto. Ese encuentro constituy&oacute; el inicio de la P&iacute;a Sociedad de San Francisco de Sales, centrada en una profunda devoci&oacute;n a la Virgen y una pedagog&iacute;a para sacar de la calle a los ni&ntilde;os m&aacute;s necesitados ense&ntilde;&aacute;ndoles &ldquo;sin golpes y con amor&rdquo;.<\/p>\n<p style=\"text-align: justify\">\n\tSan Juan Bosco se preparaba para celebrar la misa de la Inmaculada en 1841, cuando vio c&oacute;mo el sacrist&aacute;n de la iglesia de San Francisco de As&iacute;s de Tur&iacute;n golpeaba a un joven porque no sab&iacute;a ayudar en Misa. Don Bosco se conmovi&oacute; y atendi&oacute; al chico, que se llamaba Bartolom&eacute; Garelli, ten&iacute;a 16 a&ntilde;os, era hu&eacute;rfano y analfabeto.<\/p>\n<p style=\"text-align: justify\">\n\tBast&oacute; que el sacerdote le preguntara si sab&iacute;a silbar para que surgiera una amistad y para que el fundador de los Salesianos empezase a poner en pr&aacute;ctica una nueva pedagog&iacute;a educativa: no con golpes, sino con amor. Juntos rezaron un Avemar&iacute;a.<\/p>\n<p style=\"text-align: justify\">\n\tEse momento, del 8 de diciembre de 1841 marca el inicio de la Congregaci&oacute;n Salesiana en la que se subraya la importancia del sistema preventivo, es decir, una pedagog&iacute;a de la ense&ntilde;anza en la que se pretende sacar a los j&oacute;venes m&aacute;s necesitados de las calles y ense&ntilde;arles un oficio, un sistema que la congregaci&oacute;n aplica desde hace 175 a&ntilde;os.<\/p>\n<p style=\"text-align: justify\">\n\tA pesar de la dificultad del joven para ser monaguillo, San Juan Bosco le anim&oacute; a volver el domingo siguiente y as&iacute; aprender a ayudar mejor en la Misa.<\/p>\n<p style=\"text-align: justify\">\n\tAnalfabeto y abandonado, el joven se sinti&oacute; cautivado por la cercan&iacute;a del futuro santo y regres&oacute; el domingo siguiente acompa&ntilde;ado de una decena de chicos como &eacute;l.<\/p>\n<p style=\"text-align: justify\">\n\tFue el comienzo del Oratorio Festivo Salesiano, un espacio de encuentro y aprendizaje, y tambi&eacute;n del Sistema Preventivo que tantos buenos resultados sigue dando en la educaci&oacute;n.<\/p>\n<p style=\"text-align: justify\">\n\tActualmente la Congregaci&oacute;n Salesiana tiene escuelas en los cinco continentes y es la segunda congregaci&oacute;n religiosa m&aacute;s numerosa de la Iglesia Cat&oacute;lica despu&eacute;s de la Compa&ntilde;&iacute;a de Jes&uacute;s.<\/p>\n<p style=\"text-align: justify\">\n\tDevoci&oacute;n a Mar&iacute;a Inmaculada y Auxiliadora<\/p>\n<p style=\"text-align: justify\">\n\tDon Bosco, como se conoce a San Juan Bosco, ten&iacute;a una enorme devoci&oacute;n a la Virgen Inmaculada, cuyo dogma se proclam&oacute; en 1854.<\/p>\n<p style=\"text-align: justify\">\n\tPor eso en la fundaci&oacute;n tambi&eacute;n quiso honrarla junto al t&iacute;tulo de Auxiliadora, por tener ambas que ver con el carisma y la misi&oacute;n que quer&iacute;a para la nueva congregaci&oacute;n religiosa. De hecho, en la c&uacute;pula del santuario de Tur&iacute;n hay una Inmaculada y la Auxiliadora preside el templo.<\/p>\n<p style=\"text-align: justify\">\n\tEn sus Memorias Biogr&aacute;ficas, San Juan Bosco recuerda que &ldquo;todas las bendiciones que nos han llovido del cielo son fruto del avemar&iacute;a rezada con fervor y recta intenci&oacute;n al lado del joven Bartolom&eacute; Garelli&rdquo;.<\/p>\n<p style=\"text-align: justify\">\n\tMuestra de ese gran amor a la Virgen, el santo fundador manifest&oacute; en la fiesta de la Inmaculada del 8 de diciembre 1855 que &ldquo;de todo somos deudores a Mar&iacute;a porque todas nuestras cosas m&aacute;s grandes tuvieron principio y cumplimiento el d&iacute;a de la Inmaculada&rdquo;.<\/p>\n<p style=\"text-align: justify\">\n\tLos misioneros salesianos tienen un recuerdo especial hacia la Virgen Inmaculada en su d&iacute;a. Por eso, desde Misiones Salesianas precisan que gracias a su intercesi&oacute;n est&aacute;n presentes en m&aacute;s de 130 pa&iacute;ses trabajando en favor de los m&aacute;s desfavorecidos.<\/p>\n<p style=\"text-align: justify\">\n\tTambi&eacute;n te puede interesar:&nbsp;<\/p>\n<p style=\"text-align: justify\">\n\t\tAunque lluevan bombas y misiles, servimos a cristianos en Siria, dice sacerdote salesiano https:\/\/t.co\/Cl4KyevPJJ<\/p>\n<p>\t&mdash; ACI Prensa (@aciprensa) 17 de noviembre de 2016<\/p>\n<p style=\"text-align: justify\">\n\t&nbsp;<\/p>\n","protected":false},"excerpt":{"rendered":"<p>REDACCI\u00d3N CENTRAL, 08 Dic. 16 (ACI).- El d&iacute;a de la Inmaculada de 1841 San Juan Bosco conoci&oacute; en la sacrist&iacute;a del templo San Francisco de As&iacute;s de Tur&iacute;n a su primer alumno, un joven hu&eacute;rfano y analfabeto. Ese encuentro constituy&oacute; el inicio de la P&iacute;a Sociedad de San Francisco de Sales, centrada en una profunda &hellip; <a href=\"https:\/\/www.biblia.work\/noticias\/hace-175-anos-la-familia-salesiana-surgio-de-la-mano-de-la-inmaculada\/\" class=\"more-link\">Continuar leyendo<span class=\"screen-reader-text\"> \u00abHace 175 a\u00f1os la Familia Salesiana surgi\u00f3 de la mano de la Inmaculada\u00bb<\/span><\/a><\/p>\n","protected":false},"author":1,"featured_media":0,"comment_status":"open","ping_status":"closed","sticky":false,"template":"","format":"standard","meta":{"footnotes":""},"categories":[1],"tags":[],"class_list":["post-9751","post","type-post","status-publish","format-standard","hentry","category-general"],"_links":{"self":[{"href":"https:\/\/www.biblia.work\/noticias\/wp-json\/wp\/v2\/posts\/9751","targetHints":{"allow":["GET"]}}],"collection":[{"href":"https:\/\/www.biblia.work\/noticias\/wp-json\/wp\/v2\/posts"}],"about":[{"href":"https:\/\/www.biblia.work\/noticias\/wp-json\/wp\/v2\/types\/post"}],"author":[{"embeddable":true,"href":"https:\/\/www.biblia.work\/noticias\/wp-json\/wp\/v2\/users\/1"}],"replies":[{"embeddable":true,"href":"https:\/\/www.biblia.work\/noticias\/wp-json\/wp\/v2\/comments?post=9751"}],"version-history":[{"count":0,"href":"https:\/\/www.biblia.work\/noticias\/wp-json\/wp\/v2\/posts\/9751\/revisions"}],"wp:attachment":[{"href":"https:\/\/www.biblia.work\/noticias\/wp-json\/wp\/v2\/media?parent=9751"}],"wp:term":[{"taxonomy":"category","embeddable":true,"href":"https:\/\/www.biblia.work\/noticias\/wp-json\/wp\/v2\/categories?post=9751"},{"taxonomy":"post_tag","embeddable":true,"href":"https:\/\/www.biblia.work\/noticias\/wp-json\/wp\/v2\/tags?post=9751"}],"curies":[{"name":"wp","href":"https:\/\/api.w.org\/{rel}","templated":true}]}}