{"id":9752,"date":"2016-12-08T11:15:02","date_gmt":"2016-12-08T16:15:02","guid":{"rendered":"http:\/\/www.biblia.work\/noticias\/francisco-a-maria-inmaculada-no-vengo-solo-traigo-conmigo-a-aquellos-que-tu-hijo-me-ha-confiado\/"},"modified":"2016-12-08T11:15:02","modified_gmt":"2016-12-08T16:15:02","slug":"francisco-a-maria-inmaculada-no-vengo-solo-traigo-conmigo-a-aquellos-que-tu-hijo-me-ha-confiado","status":"publish","type":"post","link":"https:\/\/www.biblia.work\/noticias\/francisco-a-maria-inmaculada-no-vengo-solo-traigo-conmigo-a-aquellos-que-tu-hijo-me-ha-confiado\/","title":{"rendered":"Francisco a Mar\u00eda Inmaculada: \u201dNo vengo solo: traigo conmigo a aquellos que tu Hijo me ha confiado\u201d"},"content":{"rendered":"<p style=\"text-align: justify\">(ZENIT \u2013 Roma).- El santo padre Francisco visit\u00f3 hoy por la tarde en Roma, <em>Piazza di Spagna<\/em>, donde est\u00e1 la famosa columna con la imagen de Mar\u00eda Inmaculada, para el tradicional acto de veneraci\u00f3n. Ese a\u00f1o adem\u00e1s de la cesta de flores, ha sido puesto un cesto con panes, para recordar el reci\u00e9n concluido Jubileo de la Misericordia y a quienes tienen dificultad para el sustentamiento cotidiano.<\/p>\n<p style=\"text-align: justify\">Habiendo superado importantes medidas de seguridad, miles de personas le esperaban all\u00ed, donde lleg\u00f3 el Santo Padre, mientras el coro de la Capilla Sixtina cantaba las letan\u00edas en honor de Mar\u00eda y el <em>Tota Pulcra est Maria<\/em><\/p>\n<div id=\"attachment_79683\" style=\"width: 450px\" class=\"wp-caption alignleft\"><img loading=\"lazy\" decoding=\"async\" class=\"size-medium wp-image-79683\" src=\"https:\/\/es.zenit.org\/wp-content\/uploads\/2016\/12\/Maria-piazza-spagna-ZENIT-cc-440x275.jpg\" alt=\"Estatua de Mar\u00eda en la Plaza de Espa\u00f1a -Roma (ZENIT cc)\" width=\"440\" height=\"275\" \/><\/p>\n<p class=\"wp-caption-text\">Estatua de Mar\u00eda en la Plaza de Espa\u00f1a -Roma (ZENIT cc)<\/p>\n<\/div>\n<p style=\"text-align: justify\">A los pies de la imagen de Mar\u00eda, el Papa recit\u00f3 esta oraci\u00f3n:<\/p>\n<p style=\"text-align: justify\">Oh Mar\u00eda, Madre nuestra Inmaculada,<br \/>\nen el d\u00eda de tu fiesta vengo a ti,<br \/>\ny no vengo solo: traigo conmigo<br \/>\na todos aquellos que tu Hijo me ha confiado,<br \/>\nen esta ciudad de Roma y en el mundo entero,<br \/>\npara que t\u00fa los bendigas y los salves de los peligros.<\/p>\n<p style=\"text-align: justify\">Te traigo Madre, a los ni\u00f1os,<br \/>\nespecialmente a aquellos solos, abandonados,<br \/>\ny que por este motivo son enga\u00f1ados y explotados.<\/p>\n<p style=\"text-align: justify\">Te traigo Madre, a las familias,<br \/>\nque llevan adelante la vida y la sociedad<br \/>\ncon su empe\u00f1o cotidiano y escondido;<br \/>\nde manera particular a las familias que hacen m\u00e1s esfuerzo<br \/>\ndebido a tantos problemas internos y externos.<\/p>\n<p style=\"text-align: justify\">Te traigo Madre, a todos los trabajadores, hombres y mujeres,<br \/>\ny te conf\u00edo especialmente a quien por necesidad,<br \/>\nse esfuerza para realizar un trabajo indigno<br \/>\ny a quien perdi\u00f3 el trabajo y no logra encontrarlo.<\/p>\n<p style=\"text-align: justify\">Tenemos necesidad de tu mirada inmaculada,<br \/>\npara encontrar la capacidad de mirar a las personas<br \/>\no las cosas con respeto y reconocimiento,<br \/>\nsin intereses ego\u00edstas o hipocres\u00edas.<\/p>\n<p style=\"text-align: justify\">Necesitamos de tu coraz\u00f3n inmaculado,<br \/>\npara amar de manera gratuita,<br \/>\nsin segundas intenciones sino buscando el bien del otro,<br \/>\ncon simplicidad y sinceridad,<br \/>\nrenunciando a m\u00e1scaras y maquillajes.<\/p>\n<p style=\"text-align: justify\">Necesitamos tus manos inmaculadas,<br \/>\npara acariciar con ternura, para tocar la carne de Jes\u00fas<br \/>\nen los hermanos pobres, enfermos despreciados,<br \/>\npara levantar a quien ha ca\u00eddo y dar apoyo a quien vacila.<br \/>\nTenemos necesidad de tus pies inmaculados,<br \/>\npara ir hacia quien no sabe dar el primer paso,<br \/>\npara caminar por los senderos de quien est\u00e1 perdido,<br \/>\npara ir a encontrar a las personas solas.<\/p>\n<p style=\"text-align: justify\">Te agradecemos, oh madre, porque mostr\u00e1ndote<br \/>\na nosotros libre de toda mancha de pecado,<br \/>\nt\u00fa nos recuerdas que antes de todo est\u00e1 la gracia de Dios,<br \/>\nest\u00e1 el amor de Jesucristo que ha dado la vida por nosotros,<br \/>\nest\u00e1 la fuerza dl Esp\u00edritu Santo que renueva todo.<\/p>\n<p style=\"text-align: justify\">Haz que no cedamos al des\u00e1nimo,<br \/>\nsino que confiando en tu constante ayuda<br \/>\nnos empe\u00f1amos a fondo para renovarnos nosotros<br \/>\na esta ciudad y al mundo entero.<br \/>\nReza por nosotros, Santa Madre de Dios.<\/p>\n<p style=\"text-align: justify\">Concluida la oraci\u00f3n el Santo Padre salud\u00f3 a diversos enfermos en silla de ruedas que se encontraban presentes.<\/p>\n<p style=\"text-align: justify\">Los bomberos tienen el honor de llevar la corona de flores cada a\u00f1o, en particular quienes est\u00e1n por retirarse. Lo hicieron por la ma\u00f1ana temprano. La corona de flores ha sido llevada a 28 metros de altura y all\u00ed debidamente sujetada al brazo de la imagen. Un poco m\u00e1s abajo, en la plataforma situada a 23 metros de altura ser\u00e1n llevados otros ramos de flores. Roma est\u00e1 muy ligado a la imagen de la Inmaculada pues fue inaugurada en 1857 gracias al trabajo de 220 bomberos.<\/p>\n<p style=\"text-align: justify\">La plaza de Espa\u00f1a toma el nombre de la embajada de Espa\u00f1a ante la Santa Sede, que all\u00ed tiene su sede y delante de la cual se celebra la ceremonia.<\/p>\n<p style=\"text-align: justify\">El papa Francisco, despu\u00e9s de rendir homenaje a la Madre de Jes\u00fas en la Plaza de Espa\u00f1a, se dirigi\u00f3 a la bas\u00edlica de Santa Mar\u00eda la Mayor, deteni\u00e9ndose en oraci\u00f3n delante del \u00edcono de la Virgen\u00a0que lleva la invocaci\u00f3n de \u201cSalus Populi Romani\u201d.<\/p>\n<p><span class=\"et_bloom_bottom_trigger\"><\/span><\/p>\n<p><a href=\"https:\/\/es.zenit.org\/\" target=\"_blank\" rel=\"nofollow\">Fuente: es.zenit.org<\/a><\/p>\n","protected":false},"excerpt":{"rendered":"<p>(ZENIT \u2013 Roma).- El santo padre Francisco visit\u00f3 hoy por la tarde en Roma, Piazza di Spagna, donde est\u00e1 la famosa columna con la imagen de Mar\u00eda Inmaculada, para el tradicional acto de veneraci\u00f3n. Ese a\u00f1o adem\u00e1s de la cesta de flores, ha sido puesto un cesto con panes, para recordar el reci\u00e9n concluido Jubileo &hellip; <a href=\"https:\/\/www.biblia.work\/noticias\/francisco-a-maria-inmaculada-no-vengo-solo-traigo-conmigo-a-aquellos-que-tu-hijo-me-ha-confiado\/\" class=\"more-link\">Continuar leyendo<span class=\"screen-reader-text\"> \u00abFrancisco a Mar\u00eda Inmaculada: \u201dNo vengo solo: traigo conmigo a aquellos que tu Hijo me ha confiado\u201d\u00bb<\/span><\/a><\/p>\n","protected":false},"author":1,"featured_media":0,"comment_status":"open","ping_status":"closed","sticky":false,"template":"","format":"standard","meta":{"footnotes":""},"categories":[1],"tags":[],"class_list":["post-9752","post","type-post","status-publish","format-standard","hentry","category-general"],"_links":{"self":[{"href":"https:\/\/www.biblia.work\/noticias\/wp-json\/wp\/v2\/posts\/9752","targetHints":{"allow":["GET"]}}],"collection":[{"href":"https:\/\/www.biblia.work\/noticias\/wp-json\/wp\/v2\/posts"}],"about":[{"href":"https:\/\/www.biblia.work\/noticias\/wp-json\/wp\/v2\/types\/post"}],"author":[{"embeddable":true,"href":"https:\/\/www.biblia.work\/noticias\/wp-json\/wp\/v2\/users\/1"}],"replies":[{"embeddable":true,"href":"https:\/\/www.biblia.work\/noticias\/wp-json\/wp\/v2\/comments?post=9752"}],"version-history":[{"count":0,"href":"https:\/\/www.biblia.work\/noticias\/wp-json\/wp\/v2\/posts\/9752\/revisions"}],"wp:attachment":[{"href":"https:\/\/www.biblia.work\/noticias\/wp-json\/wp\/v2\/media?parent=9752"}],"wp:term":[{"taxonomy":"category","embeddable":true,"href":"https:\/\/www.biblia.work\/noticias\/wp-json\/wp\/v2\/categories?post=9752"},{"taxonomy":"post_tag","embeddable":true,"href":"https:\/\/www.biblia.work\/noticias\/wp-json\/wp\/v2\/tags?post=9752"}],"curies":[{"name":"wp","href":"https:\/\/api.w.org\/{rel}","templated":true}]}}