{"id":9753,"date":"2016-12-08T11:40:04","date_gmt":"2016-12-08T16:40:04","guid":{"rendered":"http:\/\/www.biblia.work\/noticias\/aprendamos-de-la-virgen-a-vivir-en-union-con-dios-entregandonos-a-el-pidio-el-papa\/"},"modified":"2016-12-08T11:40:04","modified_gmt":"2016-12-08T16:40:04","slug":"aprendamos-de-la-virgen-a-vivir-en-union-con-dios-entregandonos-a-el-pidio-el-papa","status":"publish","type":"post","link":"https:\/\/www.biblia.work\/noticias\/aprendamos-de-la-virgen-a-vivir-en-union-con-dios-entregandonos-a-el-pidio-el-papa\/","title":{"rendered":"\u00abAprendamos de la Virgen a vivir en uni\u00f3n con Dios, entreg\u00e1ndonos a \u00c9l\u00bb, pidi\u00f3 el Papa"},"content":{"rendered":"<p> <img src='http:\/\/media02.radiovaticana.va\/photo\/2016\/12\/07\/AP3776312_Thumbnail.jpg' alt='' align='left' hspace='5'> <\/p>\n<p>(RV).- &laquo;El encuentro con el &Aacute;ngel no detuvo a Mar&iacute;a, porque no se sinti&oacute; privilegiada ni que ten&iacute;a que apartarse de la vida de los suyos. Al contrario, reaviv&oacute; y puso en movimiento una actitud por la que Mar&iacute;a es y ser&aacute; reconocida siempre como la &quot;mujer del s&iacute;&quot;, un s&iacute; de entrega a Dios y en el mismo momento, un s&iacute; de entrega a sus hermanos&raquo;. Con esta palabras el<span style=\"line-height: 1.6\">&nbsp;<strong>Papa Francisco<\/strong> hac&iacute;a referencia a la Virgen Mar&iacute;a en una de las <a target=\"_blank\" rel=\"nofollow\" href=\"http:\/\/es.radiovaticana.va\/news\/2016\/02\/14\/misa_papa_francisco_santuario_virgen_guadalupe_mexico\/1208449\">homil&iacute;as<\/a> que pronunci&oacute; durante su <a target=\"_blank\" rel=\"nofollow\" href=\"http:\/\/es.radiovaticana.va\/news\/tags\/francisco-en-m%C3%A9xico\">Viaje Apost&oacute;lico a M&eacute;xico<\/a> en febrero de 2016, destacando la valent&iacute;a y la confianza con la que ella acept&oacute; la voluntad de Dios.<\/span><\/p>\n<p><span style=\"line-height: 1.6\">Hoy recordamos estas palabras con ocasi&oacute;n de la solemnidad de la <a target=\"_blank\" rel=\"nofollow\" href=\"http:\/\/es.radiovaticana.va\/news\/2016\/12\/08\/papa_%E2%80%9Ccada_s%C3%AD_a_dios_origina_historias_de_salvaci%C3%B3n%E2%80%9D\/1277639\">Inmaculada Concepci&oacute;n<\/a>, con &nbsp;la que la Iglesia Universal celebra y venera a su Madre, a aquella sencilla y a la vez grandiosa mujer que supo decir s&iacute; al plan de Dios, para la salvaci&oacute;n de la humanidad.<\/span><\/p>\n<p><span style=\"line-height: 1.6\">As&iacute; expresan los oyentes de Radio Vaticana, con sus propias voces enviadas a trav&eacute;s de <strong>WhatsApp<\/strong>, el amor y fervor que sienten por la Virgen Mar&iacute;a. Escuchemos:<\/span><\/p>\n<p><span style=\"line-height: 1.6\"><span><br \/>\n<audio class=\"video-js vjs-default-skin vjs-big-play-button-centered rv-custom-audio\" controls=\"\" id=\"audioItem_9075388\" preload=\"none\"><\/audio><br \/>\n<span class=\"rv-audio-download\"><a href=\"http:\/\/media02.radiovaticana.va\/audio\/audio2\/mp3\/00561030.mp3\" title=\"Download audio\"><img decoding=\"async\" src=\"http:\/\/es.radiovaticana.va\/Modules\/Presentation\/Styles\/images-common\/icons\/download-audio-mp3_off.png\" style=\"height: 30px\" \/><\/a><\/span> <\/span><\/span><\/p>\n<p><span style=\"line-height: 1.6\">La imagen de <strong>Nuestra Se&ntilde;ora <\/strong>no s&oacute;lo colma la devoci&oacute;n de los fieles en Iglesias y hogares, sino que tambi&eacute;n &quot;reina&quot; en las Redes Sociales, donde en torno a ella, se inician numerosas cadenas de oraci&oacute;n, peticiones y novenas. Su presencia se percibe en los nuevos canales de comunicaci&oacute;n social como <a target=\"_blank\" rel=\"nofollow\" href=\"https:\/\/www.facebook.com\/RadioVaticanaEspanol\/\">Facebook<\/a> y <a target=\"_blank\" rel=\"nofollow\" href=\"https:\/\/twitter.com\/news_va_es\">Twitter<\/a>, espacios virtuales donde millones de creyentes muestran su amor por ella y donde han dejado cientos de mensajes ofrecidos con motivo del d&iacute;a en el que celebramos la <em>Inmaculada Concepci&oacute;n de Mar&iacute;a<\/em>.<\/span><\/p>\n<p><span style=\"line-height: 1.6\">As&iacute; nos llegan mensajes de nuestra audiencia, como el de <strong>Fiorela Javas<\/strong> de Venezuela: &laquo;Mar&iacute;a es el modelo de fe que nos invita a entregarnos completamente a la voluntad de Dios, aprender a dejar todo en sus manos. Sigamos sus pasos, especialmente en los momentos de tribulaciones espirituales&raquo;.<\/span><\/p>\n<p><span style=\"line-height: 1.6\">Desde Honduras <strong>Pedro Uribe<\/strong> reza: &laquo;Madre, intercede por tus hijos m&aacute;s heridos, los pobres y abandonados pero tambi&eacute;n te pedimos por los ricos y poderosos de este mundo, cuya soberbia los ha enceguecido tanto, que ya no pueden ver la grandeza de Dios, ni a&uacute;n cuando lo tienen delante de ellos mismos. Transforma sus corazones&raquo;.<\/span><\/p>\n<p><span style=\"line-height: 1.6\"><strong>Paula Eliseos<\/strong> de Chile comparte: &laquo;Si rezamos con sinceridad, seremos capaces de encontrarnos con Mar&iacute;a en lo m&aacute;s &iacute;ntimo de nuestro esp&iacute;ritu. Aprendamos de ella a estar siempre dispuestos a servir a Dios con nuestras vidas, as&iacute; como ella misma dijo: Soy la esclava del Se&ntilde;or, h&aacute;gase en m&iacute; seg&uacute;n tu palabra&raquo;.<\/span><\/p>\n<p><span style=\"line-height: 1.6\">Y sobre la mod&eacute;lica actitud de servicio que caracteriza a la Virgen, tambi&eacute;n escribe nuestra seguidora <strong>Olga Ramos<\/strong> desde Bolivia, quien a sus 80 a&ntilde;os cuenta: &laquo;Mar&iacute;a ha sido mi Madre, mi gu&iacute;a y mi sost&eacute;n. En las numerosas ca&iacute;das a lo largo de mi vida, he sentido su presencia y su custodia. Para quienes me preguntan c&oacute;mo puedo sentir tanto amor por ella, contesto c&oacute;mo no amar al modelo de pureza y humildad, que es la esencia de Mar&iacute;a, cuya fe la llev&oacute; a confiar plenamente en Dios. &Eacute;sto me recuerda siempre que &Eacute;l es capaz de obrar maravillas con sus Hijos m&aacute;s humildes y peque&ntilde;os&raquo;.<\/span><\/p>\n<p>Ofrecemos &eacute;stas y todas las intenciones de nuestros oyentes a la Virgen Mar&iacute;a, agradeci&eacute;ndoles como siempre, el cari&ntilde;o y apoyo que recibimos diariamente.&nbsp;<span style=\"line-height: 1.6\">Los invitamos a hacer &#039;click&#039; en la opci&oacute;n <\/span><strong style=\"line-height: 1.6\">ME GUSTA<\/strong><span style=\"line-height: 1.6\"> de nuestra p&aacute;gina en <\/span><a target=\"_blank\" rel=\"nofollow\" href=\"https:\/\/www.facebook.com\/RadioVaticanaEspanol\/\" style=\"line-height: 1.6\">Facebook<\/a><span style=\"line-height: 1.6\"> y a seguirnos en <\/span><a target=\"_blank\" rel=\"nofollow\" href=\"https:\/\/twitter.com\/news_va_es\" style=\"line-height: 1.6\">Twitter<\/a><span style=\"line-height: 1.6\"> para recibir autom&aacute;ticamente todas las informaciones actualizadas de la Radio del Papa.<\/span><\/p>\n<p>(SL-RV)<\/p>\n<p><a href=\"http:\/\/es.radiovaticana.va\" target=\"_blank\" rel=\"nofollow\">Fuente: es.radiovaticana.va<\/a><\/p>\n","protected":false},"excerpt":{"rendered":"<p>(RV).- &laquo;El encuentro con el &Aacute;ngel no detuvo a Mar&iacute;a, porque no se sinti&oacute; privilegiada ni que ten&iacute;a que apartarse de la vida de los suyos. Al contrario, reaviv&oacute; y puso en movimiento una actitud por la que Mar&iacute;a es y ser&aacute; reconocida siempre como la &quot;mujer del s&iacute;&quot;, un s&iacute; de entrega a Dios &hellip; <a href=\"https:\/\/www.biblia.work\/noticias\/aprendamos-de-la-virgen-a-vivir-en-union-con-dios-entregandonos-a-el-pidio-el-papa\/\" class=\"more-link\">Continuar leyendo<span class=\"screen-reader-text\"> \u00ab\u00abAprendamos de la Virgen a vivir en uni\u00f3n con Dios, entreg\u00e1ndonos a \u00c9l\u00bb, pidi\u00f3 el Papa\u00bb<\/span><\/a><\/p>\n","protected":false},"author":1,"featured_media":0,"comment_status":"open","ping_status":"closed","sticky":false,"template":"","format":"standard","meta":{"footnotes":""},"categories":[1],"tags":[],"class_list":["post-9753","post","type-post","status-publish","format-standard","hentry","category-general"],"_links":{"self":[{"href":"https:\/\/www.biblia.work\/noticias\/wp-json\/wp\/v2\/posts\/9753","targetHints":{"allow":["GET"]}}],"collection":[{"href":"https:\/\/www.biblia.work\/noticias\/wp-json\/wp\/v2\/posts"}],"about":[{"href":"https:\/\/www.biblia.work\/noticias\/wp-json\/wp\/v2\/types\/post"}],"author":[{"embeddable":true,"href":"https:\/\/www.biblia.work\/noticias\/wp-json\/wp\/v2\/users\/1"}],"replies":[{"embeddable":true,"href":"https:\/\/www.biblia.work\/noticias\/wp-json\/wp\/v2\/comments?post=9753"}],"version-history":[{"count":0,"href":"https:\/\/www.biblia.work\/noticias\/wp-json\/wp\/v2\/posts\/9753\/revisions"}],"wp:attachment":[{"href":"https:\/\/www.biblia.work\/noticias\/wp-json\/wp\/v2\/media?parent=9753"}],"wp:term":[{"taxonomy":"category","embeddable":true,"href":"https:\/\/www.biblia.work\/noticias\/wp-json\/wp\/v2\/categories?post=9753"},{"taxonomy":"post_tag","embeddable":true,"href":"https:\/\/www.biblia.work\/noticias\/wp-json\/wp\/v2\/tags?post=9753"}],"curies":[{"name":"wp","href":"https:\/\/api.w.org\/{rel}","templated":true}]}}