{"id":9760,"date":"2016-12-08T15:15:01","date_gmt":"2016-12-08T20:15:01","guid":{"rendered":"http:\/\/www.biblia.work\/noticias\/diez-finalistas-para-el-premio-fernando-rielo-de-poesia-mistica\/"},"modified":"2016-12-08T15:15:01","modified_gmt":"2016-12-08T20:15:01","slug":"diez-finalistas-para-el-premio-fernando-rielo-de-poesia-mistica","status":"publish","type":"post","link":"https:\/\/www.biblia.work\/noticias\/diez-finalistas-para-el-premio-fernando-rielo-de-poesia-mistica\/","title":{"rendered":"Diez finalistas para el Premio Fernando Rielo de Poes\u00eda M\u00edstica"},"content":{"rendered":"<p style=\"text-align: justify\"><span lang=\"es-ES\">(ZENIT &#8211; Roma).-\u00a0Los finalistas de la XXXVI\u00aa edici\u00f3n del Premio Mundial Fernando Rielo de Poes\u00eda M\u00edstica son diez autores procedentes de Argentina, El Salvador, Espa\u00f1a y Polonia, seleccionados entre 261 poemarios de 27 pa\u00edses. <\/span><\/p>\n<p style=\"text-align: justify\"><span lang=\"es-ES\">Lo inform\u00f3 Luj\u00e1n Portela de la oficina de prensa, precisando que de los diez poemarios, de los cuales nueve en espa\u00f1ol y uno en ingl\u00e9s, optar\u00e1n por el galard\u00f3n el 14 de diciembre en la Embajada de Espa\u00f1a ante la Santa Sede, en Roma. <\/span><\/p>\n<p style=\"text-align: justify\"><span lang=\"es-ES\">Los poetas finalistas y sus obras son:<\/span><\/p>\n<p style=\"text-align: justify\">Cledia Teresa B\u00e1ez (Buenos Aires \u2014 Argentina). Alas blancas.<br \/>\nIzara Batres Cuevas (Madrid \u2013 Espa\u00f1a). Tr\u00edptico.<br \/>\nElzbieta Buczkowska (Zabrze \u2014 Polonia). The Never Ending Dialogue.<br \/>\nAlfonso Crespo Hidalgo (M\u00e1laga \u2013 Espa\u00f1a) Me saciar\u00e1s de gozo en tu presencia.<br \/>\nAntonio D\u00edaz Tortajada (Valencia \u2013 Espa\u00f1a) El vendedor de pan.<br \/>\nCarmen Gonz\u00e1lez Huguet (Cuscatl\u00e1n \u2014 El Salvador). Amable soledad.<br \/>\nFrancisco Jim\u00e9nez Carretero (Albacete \u2013 Espa\u00f1a). Y no te vi, Se\u00f1or, y estabas.<br \/>\nElena Mart\u00edn Ot\u00edn (Madrid &#8211; Espa\u00f1a). La palabra encontrada.<br \/>\nClaudia Lorena Parada Turcios (San Salvador \u2014 El Salvador). Resiliencia.<br \/>\nVirginia S\u00e1nchez Nu\u00f1o (Ciudad Real \u2013 Espa\u00f1a). En la voz del vendaval.<\/p>\n<p style=\"text-align: justify\">El premio, para obras in\u00e9ditas tanto en espa\u00f1ol como en ingl\u00e9s, est\u00e1 dotado con 7.000 euros y la publicaci\u00f3n de la obra. En su larga trayectoria, ha sido fallado en foros como la ONU; la UNESCO; el Senado franc\u00e9s y el Campidoglio romano.<\/p>\n<p style=\"text-align: justify\">En esta ocasi\u00f3n se celebrar\u00e1 en la Embajada de Espa\u00f1a ante la Santa Sede. Cada a\u00f1o cuenta con el apoyo de un amplio comit\u00e9 de honor compuesto por acad\u00e9micos de la lengua, de la historia y de las ciencias morales y pol\u00edticas, as\u00ed como por escritores, poetas, hispanistas y rectores universitarios.<\/p>\n<p style=\"text-align: justify\">La necesidad de la poes\u00eda en el mundo actual, y de la poes\u00eda m\u00edstica en particular, la expres\u00f3 Fernando Rielo en 1985, en un discurso ante la UNESCO: \u201cLa poes\u00eda es forma de una cultura que pasa por una espiritualidad insobornable; privada de este paso, no puede darnos el fruto de la paz. (\u2026) la cultura es sabidur\u00eda que eleva a sistema las intuiciones de la vida. Su lenguaje, la poes\u00eda; su fruto, la paz.\u201d<\/p>\n<p style=\"text-align: justify\">El car\u00e1cter ecum\u00e9nico del premio ha hecho que lo hayan obtenido poetas de distintas confesiones cristianas, en realidad la mayor\u00eda, pero tambi\u00e9n no cristianas, demostrando la capacidad de la poes\u00eda m\u00edstica para unir a las culturas y a las religiones.<\/p>\n<p><span class=\"et_bloom_bottom_trigger\"><\/span><\/p>\n<p><a href=\"https:\/\/es.zenit.org\/\" target=\"_blank\" rel=\"nofollow\">Fuente: es.zenit.org<\/a><\/p>\n","protected":false},"excerpt":{"rendered":"<p>(ZENIT &#8211; Roma).-\u00a0Los finalistas de la XXXVI\u00aa edici\u00f3n del Premio Mundial Fernando Rielo de Poes\u00eda M\u00edstica son diez autores procedentes de Argentina, El Salvador, Espa\u00f1a y Polonia, seleccionados entre 261 poemarios de 27 pa\u00edses. Lo inform\u00f3 Luj\u00e1n Portela de la oficina de prensa, precisando que de los diez poemarios, de los cuales nueve en espa\u00f1ol &hellip; <a href=\"https:\/\/www.biblia.work\/noticias\/diez-finalistas-para-el-premio-fernando-rielo-de-poesia-mistica\/\" class=\"more-link\">Continuar leyendo<span class=\"screen-reader-text\"> \u00abDiez finalistas para el Premio Fernando Rielo de Poes\u00eda M\u00edstica\u00bb<\/span><\/a><\/p>\n","protected":false},"author":1,"featured_media":0,"comment_status":"open","ping_status":"closed","sticky":false,"template":"","format":"standard","meta":{"footnotes":""},"categories":[1],"tags":[],"class_list":["post-9760","post","type-post","status-publish","format-standard","hentry","category-general"],"_links":{"self":[{"href":"https:\/\/www.biblia.work\/noticias\/wp-json\/wp\/v2\/posts\/9760","targetHints":{"allow":["GET"]}}],"collection":[{"href":"https:\/\/www.biblia.work\/noticias\/wp-json\/wp\/v2\/posts"}],"about":[{"href":"https:\/\/www.biblia.work\/noticias\/wp-json\/wp\/v2\/types\/post"}],"author":[{"embeddable":true,"href":"https:\/\/www.biblia.work\/noticias\/wp-json\/wp\/v2\/users\/1"}],"replies":[{"embeddable":true,"href":"https:\/\/www.biblia.work\/noticias\/wp-json\/wp\/v2\/comments?post=9760"}],"version-history":[{"count":0,"href":"https:\/\/www.biblia.work\/noticias\/wp-json\/wp\/v2\/posts\/9760\/revisions"}],"wp:attachment":[{"href":"https:\/\/www.biblia.work\/noticias\/wp-json\/wp\/v2\/media?parent=9760"}],"wp:term":[{"taxonomy":"category","embeddable":true,"href":"https:\/\/www.biblia.work\/noticias\/wp-json\/wp\/v2\/categories?post=9760"},{"taxonomy":"post_tag","embeddable":true,"href":"https:\/\/www.biblia.work\/noticias\/wp-json\/wp\/v2\/tags?post=9760"}],"curies":[{"name":"wp","href":"https:\/\/api.w.org\/{rel}","templated":true}]}}