{"id":9761,"date":"2016-12-08T16:10:02","date_gmt":"2016-12-08T21:10:02","guid":{"rendered":"http:\/\/www.biblia.work\/noticias\/papa-francisco-dice-que-europa-necesita-un-lider\/"},"modified":"2016-12-08T16:10:02","modified_gmt":"2016-12-08T21:10:02","slug":"papa-francisco-dice-que-europa-necesita-un-lider","status":"publish","type":"post","link":"https:\/\/www.biblia.work\/noticias\/papa-francisco-dice-que-europa-necesita-un-lider\/","title":{"rendered":"Papa Francisco dice que Europa necesita un l\u00edder"},"content":{"rendered":"<p style=\"text-align: justify\">VATICANO. &#8211; En una entrevista con un semanario del Vaticano el mi\u00e9rcoles (7), el Papa Francisco asegur\u00f3 que Europa &#8220;necesita un l\u00edder&#8221;. Tambi\u00e9n reclam\u00f3 la manera en que algunos pa\u00edses tratan a la crisis humanitaria lo que ha llevado a millones de inmigrantes al continente, resaltando la necesidad de pol\u00edticas p\u00fablicas m\u00e1s para cuidar a los miembros necesitados de la comunidad europea.<\/p>\n<p style=\"text-align: justify\">&#8220;Aquella frase &#8216;guerra nunca m\u00e1s&#8217; dicha despu\u00e9s de la Primera Guerra Mundial &#8221; fue algo que Europa dijo con sinceridad tuvimos l\u00edderes como Schumann, De Gasperi, Adenauer&#8230; Pero hoy en d\u00eda faltan l\u00edderes. Europa necesita un l\u00edder, un l\u00edder que nos lleve hacia adelante&#8221;, asegur\u00f3 el pont\u00edfice seg\u00fan la <a target=\"_blank\" rel=\"nofollow\" href=\"http:\/\/www.ansa.it\/english\/news\/vatican\/2016\/12\/07\/europe-lacks-leaders-says-pope_f157f5fc-6a99-41a6-a3fc-260d856d27ba.html\">agencia Ansa<\/a>.<\/p>\n<p style=\"text-align: justify\">Francisco record\u00f3 que esta es la tercera vez que se dirige a la totalidad de Europa en un comunicado oficial. &#8220;Creo que no hemos tomado en serio el lema &#8216;guerra nunca m\u00e1s&#8217;, porque despu\u00e9s de la Primera [la guerra], vino la Segunda, y ahora esta Tercera que estamos viviendo, poco a poco. Estamos en guerra. El mundo ya est\u00e1 haciendo la Tercera Guerra Mundial: Ucrania, Oriente Medio, \u00c1frica, Yemen &#8230; esto es muy grave&#8221;, dijo.<\/p>\n<p style=\"text-align: justify\">El mayor l\u00edder de m\u00e1s de mil millones de cat\u00f3licos del mundo cree que la motivaci\u00f3n para estas guerras es la ganancia econ\u00f3mica de unos pocos. &#8220;En la historia de la humanidad, cuando un Estado ve que su presupuesto no camina bien, hace una guerra y requilibra sus propias cuentas. Es una manera m\u00e1s f\u00e1cil de producir riquezas, pero el precio es demasiado alto: Sangre&#8221;.<\/p>\n<p style=\"text-align: justify\">Adem\u00e1s, sostuvo que la prioridad ahora debe ser en velar por los ciudadanos m\u00e1s necesitados, y mirar a los millones de refugiados que viven en el continente.<\/p>\n<p style=\"text-align: justify\">La entrada <a rel=\"nofollow\" href=\"http:\/\/www.noticiacristiana.com\/sociedad\/2016\/12\/papa-francisco-europa-necesita-lider.html\">Papa Francisco dice que Europa necesita un l\u00edder<\/a> aparece primero en <a rel=\"nofollow\" href=\"http:\/\/www.noticiacristiana.com\">NoticiaCristiana.com<\/a>.<\/p>\n","protected":false},"excerpt":{"rendered":"<p>VATICANO. &#8211; En una entrevista con un semanario del Vaticano el mi\u00e9rcoles (7), el Papa Francisco asegur\u00f3 que Europa &#8220;necesita un l\u00edder&#8221;. Tambi\u00e9n reclam\u00f3 la manera en que algunos pa\u00edses tratan a la crisis humanitaria lo que ha llevado a millones de inmigrantes al continente, resaltando la necesidad de pol\u00edticas p\u00fablicas m\u00e1s para cuidar a &hellip; <a href=\"https:\/\/www.biblia.work\/noticias\/papa-francisco-dice-que-europa-necesita-un-lider\/\" class=\"more-link\">Continuar leyendo<span class=\"screen-reader-text\"> \u00abPapa Francisco dice que Europa necesita un l\u00edder\u00bb<\/span><\/a><\/p>\n","protected":false},"author":1,"featured_media":0,"comment_status":"open","ping_status":"closed","sticky":false,"template":"","format":"standard","meta":{"footnotes":""},"categories":[1],"tags":[],"class_list":["post-9761","post","type-post","status-publish","format-standard","hentry","category-general"],"_links":{"self":[{"href":"https:\/\/www.biblia.work\/noticias\/wp-json\/wp\/v2\/posts\/9761","targetHints":{"allow":["GET"]}}],"collection":[{"href":"https:\/\/www.biblia.work\/noticias\/wp-json\/wp\/v2\/posts"}],"about":[{"href":"https:\/\/www.biblia.work\/noticias\/wp-json\/wp\/v2\/types\/post"}],"author":[{"embeddable":true,"href":"https:\/\/www.biblia.work\/noticias\/wp-json\/wp\/v2\/users\/1"}],"replies":[{"embeddable":true,"href":"https:\/\/www.biblia.work\/noticias\/wp-json\/wp\/v2\/comments?post=9761"}],"version-history":[{"count":0,"href":"https:\/\/www.biblia.work\/noticias\/wp-json\/wp\/v2\/posts\/9761\/revisions"}],"wp:attachment":[{"href":"https:\/\/www.biblia.work\/noticias\/wp-json\/wp\/v2\/media?parent=9761"}],"wp:term":[{"taxonomy":"category","embeddable":true,"href":"https:\/\/www.biblia.work\/noticias\/wp-json\/wp\/v2\/categories?post=9761"},{"taxonomy":"post_tag","embeddable":true,"href":"https:\/\/www.biblia.work\/noticias\/wp-json\/wp\/v2\/tags?post=9761"}],"curies":[{"name":"wp","href":"https:\/\/api.w.org\/{rel}","templated":true}]}}